{"id":9015,"date":"2016-08-06T15:09:34","date_gmt":"2016-08-06T15:09:34","guid":{"rendered":"https:\/\/armstrongyregion.com.ar\/diario\/?p=9015"},"modified":"2016-08-06T15:09:34","modified_gmt":"2016-08-06T15:09:34","slug":"diego-mansilla-german-bacarella-y-matias-fernandez-en-el-ruidazo-en-rosario","status":"publish","type":"post","link":"https:\/\/armstrongyregion.com.ar\/diario\/diego-mansilla-german-bacarella-y-matias-fernandez-en-el-ruidazo-en-rosario\/","title":{"rendered":"Diego Mansilla, Germ\u00e1n Bacarella y Mat\u00edas Fern\u00e1ndez en el ruidazo en Rosario."},"content":{"rendered":"<p><a href=\"http:\/\/armstrongyregion.com.ar\/diario\/wp-content\/uploads\/2016\/08\/diego-mansilla-germ\u00e1n-bacarella-y-mat\u00edas-fern\u00e1ndez-ruidazo.jpg\"><img loading=\"lazy\" decoding=\"async\" src=\"http:\/\/armstrongyregion.com.ar\/diario\/wp-content\/uploads\/2016\/08\/diego-mansilla-germ\u00e1n-bacarella-y-mat\u00edas-fern\u00e1ndez-ruidazo.jpg\" alt=\"diego mansilla, germ\u00e1n bacarella y mat\u00edas fern\u00e1ndez ruidazo\" width=\"768\" height=\"512\" class=\"alignnone size-full wp-image-9016\" srcset=\"https:\/\/armstrongyregion.com.ar\/diario\/wp-content\/uploads\/2016\/08\/diego-mansilla-germ\u00e1n-bacarella-y-mat\u00edas-fern\u00e1ndez-ruidazo.jpg 768w, https:\/\/armstrongyregion.com.ar\/diario\/wp-content\/uploads\/2016\/08\/diego-mansilla-germ\u00e1n-bacarella-y-mat\u00edas-fern\u00e1ndez-ruidazo-300x200.jpg 300w\" sizes=\"auto, (max-width: 768px) 100vw, 768px\" \/><\/a>\u201cEl pueblo se organiza y se moviliza cada vez m\u00e1s para decir basta a las pol\u00edticas de Macri\u201d<\/p>\n<p>\u201cSe pudo ver nuevamente que el pueblo se organiza y se moviliza cada vez m\u00e1s para decir basta a las pol\u00edticas de Mauricio Macri que afectan a todos los sectores econ\u00f3micos y sociales, como estas subas brutales en los servicios b\u00e1sicos\u201d, dijo el diputado del Mercosur Diego Mansilla, tras participar junto con el diputado provincial Germ\u00e1n Bacarella y el dirigente Mat\u00edas Fern\u00e1ndez del Ruidazo convocado por la Multisectorial contra el Tarifazo de Rosario.<br \/>\n\u201cEste reclamo se expres\u00f3 otra vez con mucha fuerza en toda nuestra provincia y el pa\u00eds, porque los tarifazos se sumaron a otras medidas del gobierno nacional que generan un freno a la actividad econ\u00f3mica, despidos, p\u00e9rdida de poder adquisitivo de los salarios, pobreza, exclusi\u00f3n social\u201d, sostuvo Bacarella, en el marco de la marcha desde Tribunales hasta la plaza San Mart\u00edn llevada a cabo este jueves.<br \/>\nMat\u00edas Fern\u00e1ndez, en tanto, destac\u00f3 que \u201ccon la concejala Marina Magnani venimos participando activamente de esta confluencia en la Multisectorial de diversos actores econ\u00f3micos, sociales y pol\u00edticos de Rosario, que sostenemos un espacio amplio y firme en defensa del bolsillo de los usuarios y tambi\u00e9n de la industria, el comercio, las empresas de servicios, las cooperativas, los emprendedores\u201d.<\/p>\n","protected":false},"excerpt":{"rendered":"<p>\u201cEl pueblo se organiza y se moviliza cada vez m\u00e1s para decir basta a las pol\u00edticas de Macri\u201d \u201cSe pudo ver nuevamente que el pueblo se organiza y se moviliza cada vez m\u00e1s para decir basta a las pol\u00edticas de Mauricio Macri que afectan a todos los sectores econ\u00f3micos y sociales, como estas subas brutales <a href=\"https:\/\/armstrongyregion.com.ar\/diario\/diego-mansilla-german-bacarella-y-matias-fernandez-en-el-ruidazo-en-rosario\/\" title=\"Read more\" >&#8230;<\/a><\/p>\n","protected":false},"author":2,"featured_media":9016,"comment_status":"open","ping_status":"open","sticky":false,"template":"","format":"standard","meta":{"_jetpack_memberships_contains_paid_content":false,"footnotes":"","jetpack_publicize_message":"","jetpack_publicize_feature_enabled":true,"jetpack_social_post_already_shared":false,"jetpack_social_options":{"image_generator_settings":{"template":"highway","default_image_id":0,"enabled":false},"version":2}},"categories":[1,2,7,3],"tags":[990,16,15,991,784,4187],"class_list":["post-9015","post","type-post","status-publish","format-standard","has-post-thumbnail","hentry","category-diario-armstrong","category-locales","category-politica","category-region","tag-diego","tag-el","tag-en","tag-mansilla","tag-rosario","tag-ruidazo"],"jetpack_publicize_connections":[],"jetpack_featured_media_url":"https:\/\/armstrongyregion.com.ar\/diario\/wp-content\/uploads\/2016\/08\/diego-mansilla-germ\u00e1n-bacarella-y-mat\u00edas-fern\u00e1ndez-ruidazo.jpg","jetpack_shortlink":"https:\/\/wp.me\/p62QDO-2lp","jetpack_sharing_enabled":true,"amp_enabled":true,"_links":{"self":[{"href":"https:\/\/armstrongyregion.com.ar\/diario\/wp-json\/wp\/v2\/posts\/9015","targetHints":{"allow":["GET"]}}],"collection":[{"href":"https:\/\/armstrongyregion.com.ar\/diario\/wp-json\/wp\/v2\/posts"}],"about":[{"href":"https:\/\/armstrongyregion.com.ar\/diario\/wp-json\/wp\/v2\/types\/post"}],"author":[{"embeddable":true,"href":"https:\/\/armstrongyregion.com.ar\/diario\/wp-json\/wp\/v2\/users\/2"}],"replies":[{"embeddable":true,"href":"https:\/\/armstrongyregion.com.ar\/diario\/wp-json\/wp\/v2\/comments?post=9015"}],"version-history":[{"count":0,"href":"https:\/\/armstrongyregion.com.ar\/diario\/wp-json\/wp\/v2\/posts\/9015\/revisions"}],"wp:featuredmedia":[{"embeddable":true,"href":"https:\/\/armstrongyregion.com.ar\/diario\/wp-json\/wp\/v2\/media\/9016"}],"wp:attachment":[{"href":"https:\/\/armstrongyregion.com.ar\/diario\/wp-json\/wp\/v2\/media?parent=9015"}],"wp:term":[{"taxonomy":"category","embeddable":true,"href":"https:\/\/armstrongyregion.com.ar\/diario\/wp-json\/wp\/v2\/categories?post=9015"},{"taxonomy":"post_tag","embeddable":true,"href":"https:\/\/armstrongyregion.com.ar\/diario\/wp-json\/wp\/v2\/tags?post=9015"}],"curies":[{"name":"wp","href":"https:\/\/api.w.org\/{rel}","templated":true}]}}