{"id":9012,"date":"2016-08-06T15:05:25","date_gmt":"2016-08-06T15:05:25","guid":{"rendered":"https:\/\/armstrongyregion.com.ar\/diario\/?p=9012"},"modified":"2016-08-06T15:05:25","modified_gmt":"2016-08-06T15:05:25","slug":"santa-fe-incorpora-199-nuevos-agentes-a-la-policia-de-la-provincia","status":"publish","type":"post","link":"https:\/\/armstrongyregion.com.ar\/diario\/santa-fe-incorpora-199-nuevos-agentes-a-la-policia-de-la-provincia\/","title":{"rendered":"Santa Fe incorpora 199 nuevos agentes a la Polic\u00eda de la provincia."},"content":{"rendered":"<p><a href=\"http:\/\/armstrongyregion.com.ar\/diario\/wp-content\/uploads\/2016\/08\/nuevos-agentes-.jpg\"><img loading=\"lazy\" decoding=\"async\" src=\"http:\/\/armstrongyregion.com.ar\/diario\/wp-content\/uploads\/2016\/08\/nuevos-agentes-.jpg\" alt=\"nuevos-agentes-\" width=\"768\" height=\"512\" class=\"alignnone size-full wp-image-9013\" srcset=\"https:\/\/armstrongyregion.com.ar\/diario\/wp-content\/uploads\/2016\/08\/nuevos-agentes-.jpg 768w, https:\/\/armstrongyregion.com.ar\/diario\/wp-content\/uploads\/2016\/08\/nuevos-agentes--300x200.jpg 300w\" sizes=\"auto, (max-width: 768px) 100vw, 768px\" \/><\/a>El ministro de Seguridad, Maximiliano Pullaro, encabez\u00f3 este viernes el acto de egreso de 199 cadetes del Instituto de Seguridad P\u00fablica (ISeP), que en los pr\u00f3ximos d\u00edas se incorporar\u00e1n a las fuerzas de seguridad.<br \/>\nLa Polic\u00eda de Santa Fe sum\u00f3 199 agentes a sus filas. Los efectivos son hombres y mujeres que finalizaron el primer a\u00f1o de cursado del Isep (Instituto de Seguridad P\u00fablica) y que completar\u00e1n el segundo en el destino laboral. El acto se realiz\u00f3 este viernes por la ma\u00f1ana en el Colegio Inmaculada y el ministro Pullaro fue el encargado de darles la bienvenida a la Instituci\u00f3n a los nuevos agentes, que ingresan a la fuerza.<br \/>\nAl felicitar a los cadetes, el ministro de seguridad, Maximiliano Pullaro dijo: \u00abHoy la seguridad o la inseguridad son materias que desaf\u00edan el poder de la democracia actual para poder resolverla y como Estado debemos conducir las pol\u00edticas p\u00fablicas en materia de seguridad para tratar estos temas que tanto nos preocupan como sociedad\u00bb. Y agreg\u00f3: \u00abLa Polic\u00eda de la provincia de Santa Fe es una pieza clave en este desaf\u00edo, el gobierno de Santa Fe tom\u00f3 el compromiso fundamental de jerarquizar a los efectivos y brindar las herramientas necesarias para que puedan enfrentar los problemas actuales\u00bb.<br \/>\nAsimismo, el titular de la cartera de seguridad sostuvo: \u00abCon la Subsecretaria de Formaci\u00f3n y Desarrollo Policial, Ana Viglione, apostamos fuertemente a la formaci\u00f3n y capacitaci\u00f3n policial en diferentes materias para que puedan incorporar o fortalecer los valores que traen desde sus hogares para pertenecer con responsabilidad a las fuerzas de seguridad\u00bb y afirm\u00f3: \u00abapuesten siempre a la educaci\u00f3n y a la formaci\u00f3n para ser mejores ciudadanos y mejores profesionales\u00bb.<br \/>\nPor su parte, el secretario de Seguridad P\u00fablica Omar Pereira manifest\u00f3 que \u00aba partir de este momento ustedes son los protagonistas del aprendizaje y la incorporaci\u00f3n de nuevos conocimientos para mejorar sus carrera policial, est\u00e1 en cada uno de ustedes tomar esa realidad, observarla y trabajar en lo bueno y en lo malo para cumplir con el deber de ser los servidores p\u00fablicos que la sociedad espera\u00bb.<br \/>\nPor \u00faltimo, el director del Isep Aniceto Mor\u00e1n coment\u00f3: \u201cdebido a la Ley de Emergencia en Seguridad P\u00fablica ustedes hoy ya ingresan a las fuerzas policiales y asumen el compromiso y la responsabilidad de trabajar para cumplir sus funciones como efectivos policiales y tener la actitud de ayudar a mejorar los problemas de la seguridad p\u00fablica desde el interior de la misma\u201d y concluy\u00f3: \u201caprovechen todas las instancias de capacitaci\u00f3n para crecer y brindar lo mejor de ustedes\u201d.<br \/>\nEl acto cont\u00f3 con la presencia del secretario y subsecretario de Seguridad P\u00fablica Omar Pereyra y Dardo Simil; la subsecretaria de Formaci\u00f3n y Desarrollo Policial, Ana Viglione; el director del Isep, Aniceto Mor\u00e1n y el sub jefe de la Polic\u00eda Provincial, Jos\u00e9 Luis Amaya; entre otras autoridades.<\/p>\n","protected":false},"excerpt":{"rendered":"<p>El ministro de Seguridad, Maximiliano Pullaro, encabez\u00f3 este viernes el acto de egreso de 199 cadetes del Instituto de Seguridad P\u00fablica (ISeP), que en los pr\u00f3ximos d\u00edas se incorporar\u00e1n a las fuerzas de seguridad. La Polic\u00eda de Santa Fe sum\u00f3 199 agentes a sus filas. Los efectivos son hombres y mujeres que finalizaron el primer <a href=\"https:\/\/armstrongyregion.com.ar\/diario\/santa-fe-incorpora-199-nuevos-agentes-a-la-policia-de-la-provincia\/\" title=\"Read more\" >&#8230;<\/a><\/p>\n","protected":false},"author":2,"featured_media":9013,"comment_status":"open","ping_status":"open","sticky":false,"template":"","format":"standard","meta":{"_jetpack_memberships_contains_paid_content":false,"footnotes":"","jetpack_publicize_message":"","jetpack_publicize_feature_enabled":true,"jetpack_social_post_already_shared":false,"jetpack_social_options":{"image_generator_settings":{"template":"highway","default_image_id":0,"enabled":false},"version":2}},"categories":[2,2852,3],"tags":[4251,3262,77,4250,399],"class_list":["post-9012","post","type-post","status-publish","format-standard","has-post-thumbnail","hentry","category-locales","category-policiales","category-region","tag-4251","tag-agentes","tag-fe","tag-incorpora","tag-santa"],"jetpack_publicize_connections":[],"jetpack_featured_media_url":"https:\/\/armstrongyregion.com.ar\/diario\/wp-content\/uploads\/2016\/08\/nuevos-agentes-.jpg","jetpack_shortlink":"https:\/\/wp.me\/p62QDO-2lm","jetpack_sharing_enabled":true,"amp_enabled":true,"_links":{"self":[{"href":"https:\/\/armstrongyregion.com.ar\/diario\/wp-json\/wp\/v2\/posts\/9012","targetHints":{"allow":["GET"]}}],"collection":[{"href":"https:\/\/armstrongyregion.com.ar\/diario\/wp-json\/wp\/v2\/posts"}],"about":[{"href":"https:\/\/armstrongyregion.com.ar\/diario\/wp-json\/wp\/v2\/types\/post"}],"author":[{"embeddable":true,"href":"https:\/\/armstrongyregion.com.ar\/diario\/wp-json\/wp\/v2\/users\/2"}],"replies":[{"embeddable":true,"href":"https:\/\/armstrongyregion.com.ar\/diario\/wp-json\/wp\/v2\/comments?post=9012"}],"version-history":[{"count":0,"href":"https:\/\/armstrongyregion.com.ar\/diario\/wp-json\/wp\/v2\/posts\/9012\/revisions"}],"wp:featuredmedia":[{"embeddable":true,"href":"https:\/\/armstrongyregion.com.ar\/diario\/wp-json\/wp\/v2\/media\/9013"}],"wp:attachment":[{"href":"https:\/\/armstrongyregion.com.ar\/diario\/wp-json\/wp\/v2\/media?parent=9012"}],"wp:term":[{"taxonomy":"category","embeddable":true,"href":"https:\/\/armstrongyregion.com.ar\/diario\/wp-json\/wp\/v2\/categories?post=9012"},{"taxonomy":"post_tag","embeddable":true,"href":"https:\/\/armstrongyregion.com.ar\/diario\/wp-json\/wp\/v2\/tags?post=9012"}],"curies":[{"name":"wp","href":"https:\/\/api.w.org\/{rel}","templated":true}]}}