{"id":9005,"date":"2016-08-05T15:06:49","date_gmt":"2016-08-05T15:06:49","guid":{"rendered":"https:\/\/armstrongyregion.com.ar\/diario\/?p=9005"},"modified":"2016-08-05T15:06:49","modified_gmt":"2016-08-05T15:06:49","slug":"armstrong-cuenta-regresiva-para-la-maraton-delfo-cabrera","status":"publish","type":"post","link":"https:\/\/armstrongyregion.com.ar\/diario\/armstrong-cuenta-regresiva-para-la-maraton-delfo-cabrera\/","title":{"rendered":"Armstrong. Cuenta regresiva para la Marat\u00f3n Delfo Cabrera."},"content":{"rendered":"<p><a href=\"http:\/\/armstrongyregion.com.ar\/diario\/wp-content\/uploads\/2016\/08\/placa-maraton-2016.jpg\"><img loading=\"lazy\" decoding=\"async\" src=\"http:\/\/armstrongyregion.com.ar\/diario\/wp-content\/uploads\/2016\/08\/placa-maraton-2016-1024x745.jpg\" alt=\"placa maraton 2016\" width=\"800\" height=\"582\" class=\"alignnone size-large wp-image-9006\" srcset=\"https:\/\/armstrongyregion.com.ar\/diario\/wp-content\/uploads\/2016\/08\/placa-maraton-2016-1024x745.jpg 1024w, https:\/\/armstrongyregion.com.ar\/diario\/wp-content\/uploads\/2016\/08\/placa-maraton-2016-300x218.jpg 300w, https:\/\/armstrongyregion.com.ar\/diario\/wp-content\/uploads\/2016\/08\/placa-maraton-2016.jpg 1600w\" sizes=\"auto, (max-width: 800px) 100vw, 800px\" \/><\/a>Estamos a muy pocos d\u00edas del 7 de agosto, d\u00eda de la realizaci\u00f3n de la Marat\u00f3n Homenaje a Delfo Cabrera, en su 14\u00aa edici\u00f3n, y con mucha expectativa.<br \/>\nTodos los detalles est\u00e1n previstos para esta nueva fecha, solamente resta, en las horas previas, el marcado del circuito para comodidad de todos los atletas.<br \/>\nLa Secretaria de Educaci\u00f3n Cultura y Deporte Prof. Rosana Siri en nombre de la Municipalidad de Armstrong invita a inscribirse. Para ello, los atletas locales que recorrer\u00e1n los 5 km de la categor\u00eda integrativa podr\u00e1n hacerlo en la Secretar\u00eda hasta el viernes 5 de agosto a las 12:30 hs. \u00f3 el s\u00e1bado 6 desde las 14 hs. en la Estaci\u00f3n M\u00e1s. De la misma manera se invita a inscribirse a los atletas locales que ir\u00e1n por los 10 y 21 km.<br \/>\nTanto para la organizaci\u00f3n como para los atletas es muy importante que se inscriban previamente, ya que el domingo la actividad es muy intensa y muchas personas llegan de otras localidades y lo hacen en ese momento.<\/p>\n<p>La prueba estar\u00e1 fiscalizada \u00edntegramente por la Asociaci\u00f3n Rosarina de Atletismo y los participantes en las categor\u00edas competitivas de 10 y 21 km. utilizar\u00e1n un chip para la clasificaci\u00f3n, elemento personal imprescindible que ser\u00e1 entregado en su momento.<\/p>\n<p>La largada ser\u00e1 a las 10 hs. frente a la Plaza San Mart\u00edn y todos compartir\u00e1n un tramo del circuito por lo que se solicita a los participantes de los 5 km. caminar siempre por la derecha dejando liberado el resto de la calle para el paso de los atletas que vienen marcando tiempos.<\/p>\n<p>Se contar\u00e1 con puestos de hidrataci\u00f3n y nutrientes cada 3 km. aproximadamente, atendidos por los integrantes de la Juventud de CADAL, adem\u00e1s del servicio m\u00e9dico SUSAMCo, de masoterapia a cargo del profesional Pablo Acosta, Bomberos Voluntarios y un reloj digital.   <\/p>\n<p> Este a\u00f1o se implementa la Copa Challenger del Bicentenario que para obtenerla se deben ganar 3 pruebas consecutivas. <\/p>\n<p>Se invita al p\u00fablico en general a acompa\u00f1ar el paso de los atletas, como ya sucedi\u00f3 en los a\u00f1os anteriores, hecho que les provoca mucha alegr\u00eda y entusiasmo. Asimismo, se recomienda tomar las precauciones de tr\u00e1nsito. Habr\u00e1 banderilleros en lugares claves del circuito, personal de Tr\u00e1nsito municipal y de Seguridad Vial Provincial.<br \/>\nTodos estamos invitados a sumarnos de una u otra manera  a esta fiesta del deporte que recuerda a nuestro Campe\u00f3n Ol\u00edmpico Delfo Cabrera, orgullo de los armstronenses.<\/p>\n","protected":false},"excerpt":{"rendered":"<p>Estamos a muy pocos d\u00edas del 7 de agosto, d\u00eda de la realizaci\u00f3n de la Marat\u00f3n Homenaje a Delfo Cabrera, en su 14\u00aa edici\u00f3n, y con mucha expectativa. Todos los detalles est\u00e1n previstos para esta nueva fecha, solamente resta, en las horas previas, el marcado del circuito para comodidad de todos los atletas. La Secretaria <a href=\"https:\/\/armstrongyregion.com.ar\/diario\/armstrong-cuenta-regresiva-para-la-maraton-delfo-cabrera\/\" title=\"Read more\" >&#8230;<\/a><\/p>\n","protected":false},"author":2,"featured_media":9006,"comment_status":"open","ping_status":"open","sticky":false,"template":"","format":"standard","meta":{"_jetpack_memberships_contains_paid_content":false,"footnotes":"","jetpack_publicize_message":"","jetpack_publicize_feature_enabled":true,"jetpack_social_post_already_shared":false,"jetpack_social_options":{"image_generator_settings":{"template":"highway","default_image_id":0,"enabled":false},"version":2}},"categories":[5,1,2,3],"tags":[20,1564,2363,1563,31,1562,81,4249],"class_list":["post-9005","post","type-post","status-publish","format-standard","has-post-thumbnail","hentry","category-deportes","category-diario-armstrong","category-locales","category-region","tag-armstrong","tag-cabrera","tag-cuenta","tag-delfo","tag-la","tag-maraton","tag-para","tag-regresiva"],"jetpack_publicize_connections":[],"jetpack_featured_media_url":"https:\/\/armstrongyregion.com.ar\/diario\/wp-content\/uploads\/2016\/08\/placa-maraton-2016.jpg","jetpack_shortlink":"https:\/\/wp.me\/p62QDO-2lf","jetpack_sharing_enabled":true,"amp_enabled":true,"_links":{"self":[{"href":"https:\/\/armstrongyregion.com.ar\/diario\/wp-json\/wp\/v2\/posts\/9005","targetHints":{"allow":["GET"]}}],"collection":[{"href":"https:\/\/armstrongyregion.com.ar\/diario\/wp-json\/wp\/v2\/posts"}],"about":[{"href":"https:\/\/armstrongyregion.com.ar\/diario\/wp-json\/wp\/v2\/types\/post"}],"author":[{"embeddable":true,"href":"https:\/\/armstrongyregion.com.ar\/diario\/wp-json\/wp\/v2\/users\/2"}],"replies":[{"embeddable":true,"href":"https:\/\/armstrongyregion.com.ar\/diario\/wp-json\/wp\/v2\/comments?post=9005"}],"version-history":[{"count":0,"href":"https:\/\/armstrongyregion.com.ar\/diario\/wp-json\/wp\/v2\/posts\/9005\/revisions"}],"wp:featuredmedia":[{"embeddable":true,"href":"https:\/\/armstrongyregion.com.ar\/diario\/wp-json\/wp\/v2\/media\/9006"}],"wp:attachment":[{"href":"https:\/\/armstrongyregion.com.ar\/diario\/wp-json\/wp\/v2\/media?parent=9005"}],"wp:term":[{"taxonomy":"category","embeddable":true,"href":"https:\/\/armstrongyregion.com.ar\/diario\/wp-json\/wp\/v2\/categories?post=9005"},{"taxonomy":"post_tag","embeddable":true,"href":"https:\/\/armstrongyregion.com.ar\/diario\/wp-json\/wp\/v2\/tags?post=9005"}],"curies":[{"name":"wp","href":"https:\/\/api.w.org\/{rel}","templated":true}]}}