{"id":8950,"date":"2016-08-02T11:27:58","date_gmt":"2016-08-02T11:27:58","guid":{"rendered":"https:\/\/armstrongyregion.com.ar\/diario\/?p=8950"},"modified":"2016-08-02T11:27:58","modified_gmt":"2016-08-02T11:27:58","slug":"la-provincia-inaugura-viviendas-en-armstrong","status":"publish","type":"post","link":"https:\/\/armstrongyregion.com.ar\/diario\/la-provincia-inaugura-viviendas-en-armstrong\/","title":{"rendered":"La provincia inaugura viviendas en Armstrong."},"content":{"rendered":"<p><a href=\"http:\/\/armstrongyregion.com.ar\/diario\/wp-content\/uploads\/2016\/08\/viviendas-a-entregar.jpg\"><img loading=\"lazy\" decoding=\"async\" src=\"http:\/\/armstrongyregion.com.ar\/diario\/wp-content\/uploads\/2016\/08\/viviendas-a-entregar.jpg\" alt=\"viviendas a entregar\" width=\"768\" height=\"461\" class=\"alignnone size-full wp-image-8951\" srcset=\"https:\/\/armstrongyregion.com.ar\/diario\/wp-content\/uploads\/2016\/08\/viviendas-a-entregar.jpg 768w, https:\/\/armstrongyregion.com.ar\/diario\/wp-content\/uploads\/2016\/08\/viviendas-a-entregar-300x180.jpg 300w\" sizes=\"auto, (max-width: 768px) 100vw, 768px\" \/><\/a>Ser\u00e1 este martes, a las 14, en la intersecci\u00f3n de calles Ant\u00e1rtida Argentina y Pasaje P\u00fablico.\t <\/p>\n<p>El secretario de Estado del H\u00e1bitat, Diego Leone, inaugurar\u00e1 este martes en la localidad de Armstrong, nueve viviendas correspondientes al plan habitacional N\u00ba 3431.<\/p>\n<p>El acto tendr\u00e1 lugar a las 14 horas, en la intersecci\u00f3n de calle Ant\u00e1rtida Argentina y pasaje P\u00fablico. Del mismo participar\u00e1n el presidente comunal  Pablo Verdecchia; el subsecretario de Articulaci\u00f3n Territorial, Rams\u00e9s Medina; y el senador por el departamento Belgrano, Guillermo Cornaglia, entre otras  autoridades.<\/p>\n<p>Las viviendas, que se ejecutaron mediante sistema constructivo tradicional, corresponden a la segunda etapa de un total de 36 unidades habitacionales y poseen dos y tres dormitorios. <\/p>\n<p>El complejo habitacional, emplazado en calles Pedro Ferrero y Ant\u00e1rtida Argentina, cuenta con todos los servicios: conexi\u00f3n de agua potable, alumbrado p\u00fablico, desag\u00fces pluviales y cloacales.<\/p>\n<p>MI TIERRA MI CASA<br \/>\nPosteriormente, en la localidad de Montes de Oca, el secretario de Estado del H\u00e1bitat, Diego Leone, har\u00e1 entrega a la comuna de un anticipo financiero por $ 55.189 para la ejecuci\u00f3n de 20 soluciones habitacionales en el marco del programa Mi Tierra Mi Casa.<\/p>\n","protected":false},"excerpt":{"rendered":"<p>Ser\u00e1 este martes, a las 14, en la intersecci\u00f3n de calles Ant\u00e1rtida Argentina y Pasaje P\u00fablico. El secretario de Estado del H\u00e1bitat, Diego Leone, inaugurar\u00e1 este martes en la localidad de Armstrong, nueve viviendas correspondientes al plan habitacional N\u00ba 3431. El acto tendr\u00e1 lugar a las 14 horas, en la intersecci\u00f3n de calle Ant\u00e1rtida Argentina <a href=\"https:\/\/armstrongyregion.com.ar\/diario\/la-provincia-inaugura-viviendas-en-armstrong\/\" title=\"Read more\" >&#8230;<\/a><\/p>\n","protected":false},"author":2,"featured_media":8951,"comment_status":"open","ping_status":"open","sticky":false,"template":"","format":"standard","meta":{"_jetpack_memberships_contains_paid_content":false,"footnotes":"","jetpack_publicize_message":"","jetpack_publicize_feature_enabled":true,"jetpack_social_post_already_shared":false,"jetpack_social_options":{"image_generator_settings":{"template":"highway","default_image_id":0,"enabled":false},"version":2}},"categories":[1,2,3],"tags":[20,15,4242,31,565,82],"class_list":["post-8950","post","type-post","status-publish","format-standard","has-post-thumbnail","hentry","category-diario-armstrong","category-locales","category-region","tag-armstrong","tag-en","tag-inaufgura","tag-la","tag-provincia","tag-viviendas"],"jetpack_publicize_connections":[],"jetpack_featured_media_url":"https:\/\/armstrongyregion.com.ar\/diario\/wp-content\/uploads\/2016\/08\/viviendas-a-entregar.jpg","jetpack_shortlink":"https:\/\/wp.me\/p62QDO-2km","jetpack_sharing_enabled":true,"amp_enabled":true,"_links":{"self":[{"href":"https:\/\/armstrongyregion.com.ar\/diario\/wp-json\/wp\/v2\/posts\/8950","targetHints":{"allow":["GET"]}}],"collection":[{"href":"https:\/\/armstrongyregion.com.ar\/diario\/wp-json\/wp\/v2\/posts"}],"about":[{"href":"https:\/\/armstrongyregion.com.ar\/diario\/wp-json\/wp\/v2\/types\/post"}],"author":[{"embeddable":true,"href":"https:\/\/armstrongyregion.com.ar\/diario\/wp-json\/wp\/v2\/users\/2"}],"replies":[{"embeddable":true,"href":"https:\/\/armstrongyregion.com.ar\/diario\/wp-json\/wp\/v2\/comments?post=8950"}],"version-history":[{"count":0,"href":"https:\/\/armstrongyregion.com.ar\/diario\/wp-json\/wp\/v2\/posts\/8950\/revisions"}],"wp:featuredmedia":[{"embeddable":true,"href":"https:\/\/armstrongyregion.com.ar\/diario\/wp-json\/wp\/v2\/media\/8951"}],"wp:attachment":[{"href":"https:\/\/armstrongyregion.com.ar\/diario\/wp-json\/wp\/v2\/media?parent=8950"}],"wp:term":[{"taxonomy":"category","embeddable":true,"href":"https:\/\/armstrongyregion.com.ar\/diario\/wp-json\/wp\/v2\/categories?post=8950"},{"taxonomy":"post_tag","embeddable":true,"href":"https:\/\/armstrongyregion.com.ar\/diario\/wp-json\/wp\/v2\/tags?post=8950"}],"curies":[{"name":"wp","href":"https:\/\/api.w.org\/{rel}","templated":true}]}}