{"id":8945,"date":"2016-08-01T21:32:34","date_gmt":"2016-08-01T21:32:34","guid":{"rendered":"https:\/\/armstrongyregion.com.ar\/diario\/?p=8945"},"modified":"2016-08-01T21:34:08","modified_gmt":"2016-08-01T21:34:08","slug":"abierta-la-convocatoria-para-el-registro-de-artistas-del-departamento-belgrano","status":"publish","type":"post","link":"https:\/\/armstrongyregion.com.ar\/diario\/abierta-la-convocatoria-para-el-registro-de-artistas-del-departamento-belgrano\/","title":{"rendered":"Abierta la convocatoria para el \u201cRegistro de artistas del Departamento Belgrano\u201d."},"content":{"rendered":"<p><a href=\"http:\/\/armstrongyregion.com.ar\/diario\/wp-content\/uploads\/2016\/08\/artistas-callejeros.jpg\"><img loading=\"lazy\" decoding=\"async\" src=\"http:\/\/armstrongyregion.com.ar\/diario\/wp-content\/uploads\/2016\/08\/artistas-callejeros.jpg\" alt=\"artistas-callejeros\" width=\"1008\" height=\"566\" class=\"alignnone size-full wp-image-8946\" srcset=\"https:\/\/armstrongyregion.com.ar\/diario\/wp-content\/uploads\/2016\/08\/artistas-callejeros.jpg 1008w, https:\/\/armstrongyregion.com.ar\/diario\/wp-content\/uploads\/2016\/08\/artistas-callejeros-300x168.jpg 300w\" sizes=\"auto, (max-width: 1008px) 100vw, 1008px\" \/><\/a>El Senador Provincial Guillermo Cornaglia comunica que est\u00e1 abierta la inscripci\u00f3n para participar  del \u00a8Registro de Artistas del Departamento Belgrano\u00a8, que tiene como objeto facilitar, a trav\u00e9s de una base de datos, el contacto de entidades oficiales y privadas con los hacedores culturales .<br \/>\n  Se invita a m\u00fasicos, bailarines, actores, directores, profesionales que desempe\u00f1en su actividad en el medio art\u00edstico o que ofrezcan servicios vinculados al espect\u00e1culo a inscribirse antes del 01\/09, solicitando las planillas correspondientes al siguiente  correo electr\u00f3nico: ericamolteni@hotmail.com  o al tel. 03471- 471666<br \/>\nIm\u00e1gen Ilustrativa<\/p>\n","protected":false},"excerpt":{"rendered":"<p>El Senador Provincial Guillermo Cornaglia comunica que est\u00e1 abierta la inscripci\u00f3n para participar del \u00a8Registro de Artistas del Departamento Belgrano\u00a8, que tiene como objeto facilitar, a trav\u00e9s de una base de datos, el contacto de entidades oficiales y privadas con los hacedores culturales . Se invita a m\u00fasicos, bailarines, actores, directores, profesionales que desempe\u00f1en su <a href=\"https:\/\/armstrongyregion.com.ar\/diario\/abierta-la-convocatoria-para-el-registro-de-artistas-del-departamento-belgrano\/\" title=\"Read more\" >&#8230;<\/a><\/p>\n","protected":false},"author":2,"featured_media":8946,"comment_status":"open","ping_status":"open","sticky":false,"template":"","format":"standard","meta":{"_jetpack_memberships_contains_paid_content":false,"footnotes":"","jetpack_publicize_message":"","jetpack_publicize_feature_enabled":true,"jetpack_social_post_already_shared":false,"jetpack_social_options":{"image_generator_settings":{"template":"highway","default_image_id":0,"enabled":false},"version":2}},"categories":[6,1,2,3],"tags":[433,3405,451,19,16,31,81,2872],"class_list":["post-8945","post","type-post","status-publish","format-standard","has-post-thumbnail","hentry","category-cultura-entretenimiento","category-diario-armstrong","category-locales","category-region","tag-abierta","tag-artistas","tag-convocatoria","tag-de","tag-el","tag-la","tag-para","tag-registro"],"jetpack_publicize_connections":[],"jetpack_featured_media_url":"https:\/\/armstrongyregion.com.ar\/diario\/wp-content\/uploads\/2016\/08\/artistas-callejeros.jpg","jetpack_shortlink":"https:\/\/wp.me\/p62QDO-2kh","jetpack_sharing_enabled":true,"amp_enabled":true,"_links":{"self":[{"href":"https:\/\/armstrongyregion.com.ar\/diario\/wp-json\/wp\/v2\/posts\/8945","targetHints":{"allow":["GET"]}}],"collection":[{"href":"https:\/\/armstrongyregion.com.ar\/diario\/wp-json\/wp\/v2\/posts"}],"about":[{"href":"https:\/\/armstrongyregion.com.ar\/diario\/wp-json\/wp\/v2\/types\/post"}],"author":[{"embeddable":true,"href":"https:\/\/armstrongyregion.com.ar\/diario\/wp-json\/wp\/v2\/users\/2"}],"replies":[{"embeddable":true,"href":"https:\/\/armstrongyregion.com.ar\/diario\/wp-json\/wp\/v2\/comments?post=8945"}],"version-history":[{"count":0,"href":"https:\/\/armstrongyregion.com.ar\/diario\/wp-json\/wp\/v2\/posts\/8945\/revisions"}],"wp:featuredmedia":[{"embeddable":true,"href":"https:\/\/armstrongyregion.com.ar\/diario\/wp-json\/wp\/v2\/media\/8946"}],"wp:attachment":[{"href":"https:\/\/armstrongyregion.com.ar\/diario\/wp-json\/wp\/v2\/media?parent=8945"}],"wp:term":[{"taxonomy":"category","embeddable":true,"href":"https:\/\/armstrongyregion.com.ar\/diario\/wp-json\/wp\/v2\/categories?post=8945"},{"taxonomy":"post_tag","embeddable":true,"href":"https:\/\/armstrongyregion.com.ar\/diario\/wp-json\/wp\/v2\/tags?post=8945"}],"curies":[{"name":"wp","href":"https:\/\/api.w.org\/{rel}","templated":true}]}}