{"id":8909,"date":"2016-07-29T21:36:06","date_gmt":"2016-07-29T21:36:06","guid":{"rendered":"https:\/\/armstrongyregion.com.ar\/diario\/?p=8909"},"modified":"2016-07-29T21:36:06","modified_gmt":"2016-07-29T21:36:06","slug":"armstrong-se-estrena-km674-voltear-a-obregon","status":"publish","type":"post","link":"https:\/\/armstrongyregion.com.ar\/diario\/armstrong-se-estrena-km674-voltear-a-obregon\/","title":{"rendered":"Armstrong. Se estrena \u00abKM674: VOLTEAR A OBREG\u00d3N\u00bb."},"content":{"rendered":"<p><a href=\"http:\/\/armstrongyregion.com.ar\/diario\/wp-content\/uploads\/2016\/07\/KM674-AFICHe-1..jpg\"><img loading=\"lazy\" decoding=\"async\" src=\"http:\/\/armstrongyregion.com.ar\/diario\/wp-content\/uploads\/2016\/07\/KM674-AFICHe-1..jpg\" alt=\"KM674-AFICHe 1.\" width=\"721\" height=\"526\" class=\"alignnone size-full wp-image-8910\" srcset=\"https:\/\/armstrongyregion.com.ar\/diario\/wp-content\/uploads\/2016\/07\/KM674-AFICHe-1..jpg 721w, https:\/\/armstrongyregion.com.ar\/diario\/wp-content\/uploads\/2016\/07\/KM674-AFICHe-1.-300x219.jpg 300w\" sizes=\"auto, (max-width: 721px) 100vw, 721px\" \/><\/a>El pr\u00f3ximo s\u00e1bado 3 de agosto, a partir de las 19,30hs se estrena \u00abKM674: VOLTEAR A OBREG\u00d3N\u00bb en la Sala Iris Marga.<br \/>\nEsta Proyecci\u00f3n est\u00e1 organizada por la Cooperativa Agr\u00edcola Ganadera de Armstrong Ltda y la Filial Armstrong de la FAA y con el auspicio de la Municipalidad de Armstrong<br \/>\nSeg\u00fan la Sinopsis de los realizadores: \u00abKM674: VOLTEAR A OBREG\u00d3N\u00bb es un documental cl\u00e1sico en clave de policial negro al servicio de una investigaci\u00f3n pol\u00edtica sobre la masacre de 5 cooperativistas de Armstrong. El asesinato a sangre fr\u00eda perpetrado por la polic\u00eda de la Provincia de C\u00f3rdoba el 23 d enero de 1974 en el punto de partida para desentra\u00f1ar el clima pol\u00edtico en que gest\u00f3 el golpe contra el Gobierno Popular del Dr. Ricardo Obreg\u00f3n Cano y Atilio L\u00f3pez.\u201d<\/p>\n","protected":false},"excerpt":{"rendered":"<p>El pr\u00f3ximo s\u00e1bado 3 de agosto, a partir de las 19,30hs se estrena \u00abKM674: VOLTEAR A OBREG\u00d3N\u00bb en la Sala Iris Marga. Esta Proyecci\u00f3n est\u00e1 organizada por la Cooperativa Agr\u00edcola Ganadera de Armstrong Ltda y la Filial Armstrong de la FAA y con el auspicio de la Municipalidad de Armstrong Seg\u00fan la Sinopsis de los <a href=\"https:\/\/armstrongyregion.com.ar\/diario\/armstrong-se-estrena-km674-voltear-a-obregon\/\" title=\"Read more\" >&#8230;<\/a><\/p>\n","protected":false},"author":2,"featured_media":8910,"comment_status":"open","ping_status":"open","sticky":false,"template":"","format":"standard","meta":{"_jetpack_memberships_contains_paid_content":false,"footnotes":"","jetpack_publicize_message":"","jetpack_publicize_feature_enabled":true,"jetpack_social_post_already_shared":false,"jetpack_social_options":{"image_generator_settings":{"template":"highway","default_image_id":0,"enabled":false},"version":2}},"categories":[6,1,2,3],"tags":[4235,4236,4234,3142,1203,86],"class_list":["post-8909","post","type-post","status-publish","format-standard","has-post-thumbnail","hentry","category-cultura-entretenimiento","category-diario-armstrong","category-locales","category-region","tag-4235","tag-4236","tag-4234","tag-estrena","tag-km","tag-se"],"jetpack_publicize_connections":[],"jetpack_featured_media_url":"https:\/\/armstrongyregion.com.ar\/diario\/wp-content\/uploads\/2016\/07\/KM674-AFICHe-1..jpg","jetpack_shortlink":"https:\/\/wp.me\/p62QDO-2jH","jetpack_sharing_enabled":true,"amp_enabled":true,"_links":{"self":[{"href":"https:\/\/armstrongyregion.com.ar\/diario\/wp-json\/wp\/v2\/posts\/8909","targetHints":{"allow":["GET"]}}],"collection":[{"href":"https:\/\/armstrongyregion.com.ar\/diario\/wp-json\/wp\/v2\/posts"}],"about":[{"href":"https:\/\/armstrongyregion.com.ar\/diario\/wp-json\/wp\/v2\/types\/post"}],"author":[{"embeddable":true,"href":"https:\/\/armstrongyregion.com.ar\/diario\/wp-json\/wp\/v2\/users\/2"}],"replies":[{"embeddable":true,"href":"https:\/\/armstrongyregion.com.ar\/diario\/wp-json\/wp\/v2\/comments?post=8909"}],"version-history":[{"count":0,"href":"https:\/\/armstrongyregion.com.ar\/diario\/wp-json\/wp\/v2\/posts\/8909\/revisions"}],"wp:featuredmedia":[{"embeddable":true,"href":"https:\/\/armstrongyregion.com.ar\/diario\/wp-json\/wp\/v2\/media\/8910"}],"wp:attachment":[{"href":"https:\/\/armstrongyregion.com.ar\/diario\/wp-json\/wp\/v2\/media?parent=8909"}],"wp:term":[{"taxonomy":"category","embeddable":true,"href":"https:\/\/armstrongyregion.com.ar\/diario\/wp-json\/wp\/v2\/categories?post=8909"},{"taxonomy":"post_tag","embeddable":true,"href":"https:\/\/armstrongyregion.com.ar\/diario\/wp-json\/wp\/v2\/tags?post=8909"}],"curies":[{"name":"wp","href":"https:\/\/api.w.org\/{rel}","templated":true}]}}