{"id":8891,"date":"2016-07-29T11:35:41","date_gmt":"2016-07-29T11:35:41","guid":{"rendered":"https:\/\/armstrongyregion.com.ar\/diario\/?p=8891"},"modified":"2016-07-29T11:35:41","modified_gmt":"2016-07-29T11:35:41","slug":"difunden-requisitos-de-un-procrear-complementario-para-terminar-casas","status":"publish","type":"post","link":"https:\/\/armstrongyregion.com.ar\/diario\/difunden-requisitos-de-un-procrear-complementario-para-terminar-casas\/","title":{"rendered":"Difunden requisitos de un Procrear complementario para terminar casas."},"content":{"rendered":"<p><a href=\"http:\/\/armstrongyregion.com.ar\/diario\/wp-content\/uploads\/2016\/07\/procrear.jpg_1572130063.jpg\"><img loading=\"lazy\" decoding=\"async\" src=\"http:\/\/armstrongyregion.com.ar\/diario\/wp-content\/uploads\/2016\/07\/procrear.jpg_1572130063.jpg\" alt=\"procrear.jpg_1572130063\" width=\"760\" height=\"428\" class=\"alignnone size-full wp-image-8892\" srcset=\"https:\/\/armstrongyregion.com.ar\/diario\/wp-content\/uploads\/2016\/07\/procrear.jpg_1572130063.jpg 760w, https:\/\/armstrongyregion.com.ar\/diario\/wp-content\/uploads\/2016\/07\/procrear.jpg_1572130063-300x169.jpg 300w\" sizes=\"auto, (max-width: 760px) 100vw, 760px\" \/><\/a>El comit\u00e9 ejecutivo del plan aprob\u00f3 la creaci\u00f3n de una nueva l\u00ednea de pr\u00e9stamos destinada a beneficiarios que no concluyeron su vivienda y necesitan asistencia crediticia para lograrlo.<br \/>\nEl comit\u00e9 ejecutivo del plan de viviendas Procrear aprob\u00f3 la creaci\u00f3n de una l\u00ednea de cr\u00e9dito complementario destinado a los titulares de las l\u00edneas de pr\u00e9stamos \u201cConstrucci\u00f3n y compra de terreno + Construcci\u00f3n\u201d que no concluyeron la construcci\u00f3n de su vivienda y necesitan asistencia crediticia para lograrlo.<\/p>\n<p>\u201cRecibimos y escuchamos a los representantes de las familias que solicitaban un cr\u00e9dito complementario para poder terminar sus viviendas y as\u00ed poder llegar a una soluci\u00f3n justa para todas\u201d, dijo Iv\u00e1n Kerr, subsecretario de Desarrollo Urbano y Vivienda.<\/p>\n<p>El funcionario agreg\u00f3 que este pr\u00e9stamo personal es para \u201cbrindar asistencia crediticia adicional a aquellos beneficiarios que se encuentran en proceso de construcci\u00f3n, sin poder alcanzar la condici\u00f3n de habitabilidad, que es del 85 por ciento\u201d.<\/p>\n<p>La medida anunciada este jueves es en respuesta a los pedidos de beneficiarios del cr\u00e9dito Procrear actualmente en marcha para que puedan terminar con la construcci\u00f3n de sus viviendas.<\/p>\n<p>El cr\u00e9dito se deber\u00e1 gestionar en el Banco Hipotecario, sin necesidad de sorteo, ni de sistema de puntaje.<\/p>\n<p>Para m\u00e1s informaci\u00f3n sobre el procedimiento, las familias se deber\u00e1n dirigir a alguna de las sucursales del Hipotecario.<\/p>\n<p>El monto m\u00e1ximo que se entregar\u00e1 ser\u00e1 de 200 mil pesos a devolver en un plazo de hasta 15 a\u00f1os, con una tasa de inter\u00e9s anual del 2 por ciento, bajo la modalidad UVI.<\/p>\n<p>El cr\u00e9dito se podr\u00e1 solicitar hasta abril de 2017.<\/p>\n<p>Requisitos para acceder:<\/p>\n<p>&#8211; Las personas deben estar inscriptas en las l\u00edneas Procrear Construcci\u00f3n y Compra de Terreno + Construcci\u00f3n.<\/p>\n<p>&#8211; Las viviendas deben ser de hasta 90 m2.<\/p>\n<p>&#8211; Pueden acceder los segmentos 1, 2 y 3 para el cr\u00e9dito original. El salario m\u00e1ximo debe ser de $30.000 al solicitar el cr\u00e9dito complementario.<\/p>\n<p>&#8211; El cobro del \u00faltimo desembolso debe haber sido desde diciembre de 2015 en adelante. El cr\u00e9dito deber\u00e1 ser solicitado con posterioridad a los 60 d\u00edas del cobro del \u00faltimo desembolso.<\/p>\n<p>&#8211; La fecha de inicio de obra debe ser a partir del 1\/1\/2015 o el cr\u00e9dito original debe estar aprobado antes del 20 de mayo de 2016.<\/p>\n<p>&#8211; El avance de obra debe ser menor al 85% (al momento del an\u00e1lisis se verificar\u00e1 que el beneficiario haya alcanzado como m\u00ednimo el 65% de avance con el cobro del \u00faltimo desembolso del cr\u00e9dito).<\/p>\n<p>&#8211; Los beneficiarios que quieran tomar el cr\u00e9dito deber\u00e1n concurrir a una sucursal del Banco Hipotecario, con su documentaci\u00f3n personal y laboral.<br \/>\nRosario3.Com<\/p>\n","protected":false},"excerpt":{"rendered":"<p>El comit\u00e9 ejecutivo del plan aprob\u00f3 la creaci\u00f3n de una nueva l\u00ednea de pr\u00e9stamos destinada a beneficiarios que no concluyeron su vivienda y necesitan asistencia crediticia para lograrlo. El comit\u00e9 ejecutivo del plan de viviendas Procrear aprob\u00f3 la creaci\u00f3n de una l\u00ednea de cr\u00e9dito complementario destinado a los titulares de las l\u00edneas de pr\u00e9stamos \u201cConstrucci\u00f3n <a href=\"https:\/\/armstrongyregion.com.ar\/diario\/difunden-requisitos-de-un-procrear-complementario-para-terminar-casas\/\" title=\"Read more\" >&#8230;<\/a><\/p>\n","protected":false},"author":2,"featured_media":8892,"comment_status":"open","ping_status":"open","sticky":false,"template":"","format":"standard","meta":{"_jetpack_memberships_contains_paid_content":false,"footnotes":"","jetpack_publicize_message":"","jetpack_publicize_feature_enabled":true,"jetpack_social_post_already_shared":false,"jetpack_social_options":{"image_generator_settings":{"template":"highway","default_image_id":0,"enabled":false},"version":2}},"categories":[1,2,7,3],"tags":[19,4230,2091,3604],"class_list":["post-8891","post","type-post","status-publish","format-standard","has-post-thumbnail","hentry","category-diario-armstrong","category-locales","category-politica","category-region","tag-de","tag-difunden","tag-procrear","tag-requisitos"],"jetpack_publicize_connections":[],"jetpack_featured_media_url":"https:\/\/armstrongyregion.com.ar\/diario\/wp-content\/uploads\/2016\/07\/procrear.jpg_1572130063.jpg","jetpack_shortlink":"https:\/\/wp.me\/p62QDO-2jp","jetpack_sharing_enabled":true,"amp_enabled":true,"_links":{"self":[{"href":"https:\/\/armstrongyregion.com.ar\/diario\/wp-json\/wp\/v2\/posts\/8891","targetHints":{"allow":["GET"]}}],"collection":[{"href":"https:\/\/armstrongyregion.com.ar\/diario\/wp-json\/wp\/v2\/posts"}],"about":[{"href":"https:\/\/armstrongyregion.com.ar\/diario\/wp-json\/wp\/v2\/types\/post"}],"author":[{"embeddable":true,"href":"https:\/\/armstrongyregion.com.ar\/diario\/wp-json\/wp\/v2\/users\/2"}],"replies":[{"embeddable":true,"href":"https:\/\/armstrongyregion.com.ar\/diario\/wp-json\/wp\/v2\/comments?post=8891"}],"version-history":[{"count":0,"href":"https:\/\/armstrongyregion.com.ar\/diario\/wp-json\/wp\/v2\/posts\/8891\/revisions"}],"wp:featuredmedia":[{"embeddable":true,"href":"https:\/\/armstrongyregion.com.ar\/diario\/wp-json\/wp\/v2\/media\/8892"}],"wp:attachment":[{"href":"https:\/\/armstrongyregion.com.ar\/diario\/wp-json\/wp\/v2\/media?parent=8891"}],"wp:term":[{"taxonomy":"category","embeddable":true,"href":"https:\/\/armstrongyregion.com.ar\/diario\/wp-json\/wp\/v2\/categories?post=8891"},{"taxonomy":"post_tag","embeddable":true,"href":"https:\/\/armstrongyregion.com.ar\/diario\/wp-json\/wp\/v2\/tags?post=8891"}],"curies":[{"name":"wp","href":"https:\/\/api.w.org\/{rel}","templated":true}]}}