{"id":8887,"date":"2016-07-29T11:16:18","date_gmt":"2016-07-29T11:16:18","guid":{"rendered":"https:\/\/armstrongyregion.com.ar\/diario\/?p=8887"},"modified":"2016-07-29T11:18:56","modified_gmt":"2016-07-29T11:18:56","slug":"mario-ramos-estamos-apostando-a-fortalecer-el-rol-de-los-directores-en-las-escuelas-de-la-region-v","status":"publish","type":"post","link":"https:\/\/armstrongyregion.com.ar\/diario\/mario-ramos-estamos-apostando-a-fortalecer-el-rol-de-los-directores-en-las-escuelas-de-la-region-v\/","title":{"rendered":"Mario Ramos: \u201cEstamos apostando a fortalecer el rol de los directores en las escuelas de la Regi\u00f3n V\u201d."},"content":{"rendered":"<p><a href=\"http:\/\/armstrongyregion.com.ar\/diario\/wp-content\/uploads\/2016\/07\/mario-ramos-.jpg\"><img loading=\"lazy\" decoding=\"async\" src=\"http:\/\/armstrongyregion.com.ar\/diario\/wp-content\/uploads\/2016\/07\/mario-ramos-.jpg\" alt=\"mario-ramos-\" width=\"768\" height=\"483\" class=\"alignnone size-full wp-image-8888\" srcset=\"https:\/\/armstrongyregion.com.ar\/diario\/wp-content\/uploads\/2016\/07\/mario-ramos-.jpg 768w, https:\/\/armstrongyregion.com.ar\/diario\/wp-content\/uploads\/2016\/07\/mario-ramos--300x189.jpg 300w\" sizes=\"auto, (max-width: 768px) 100vw, 768px\" \/><\/a>En di\u00e1logo con Las Rosas Digital, el Delegado del Ministerio de Educaci\u00f3n Lic. Mario Ramos, dio a conocer detalles del Programa de Fortalecimiento para la Gesti\u00f3n Escolar, llevado adelante por el Gobierno de la Provincia de Santa Fe y apuntado a las escuelas oficiales de la Regi\u00f3n V.<br \/>\nEste viernes 29 se llevar\u00e1 a cabo la apertura de dicha iniciativa en la localidad de Ca\u00f1ada de G\u00f3mez con la presencia de la Ministra de Educaci\u00f3n, Dra. Claudia Balagu\u00e9 quien dar\u00e1 inicio en el Teatro Verdi a una serie de 4 encuentros que se desarrollar\u00e1n durante los meses de agosto y septiembre en tres localidades de la Regi\u00f3n V para que los miembros de los equipos directivos no tengan que recorrer largas distancias. Las sedes ser\u00e1n Casilda, Ca\u00f1ada de G\u00f3mez y Las Rosas, aunque el viernes la apertura del programa concentrar\u00e1 a todas las instituciones oficiales de la zona.<\/p>\n<p>Respecto a los contenidos, en cada encuentro habr\u00e1 disertantes del Ministerio de Educaci\u00f3n que aportar\u00e1n herramientas relacionadas con la gesti\u00f3n de los recursos humanos, los procedimientos administrativos y la cuesti\u00f3n normativa.<\/p>\n<p>En relaci\u00f3n al Programa, Ramos se manifest\u00f3: \u201cCreemos muy importante que nuestros directivos puedan contar con este asesoramiento. Es estrat\u00e9gico que puedan valerse de herramientas para conducir cada una de las instituciones educativas. No es f\u00e1cil gestionar una escuela, administrar el conflicto, llevar adelante las relaciones interpersonales, dialogar con los dem\u00e1s actores (comunidad, padres, docentes\u2026) sin descuidar la cuesti\u00f3n pedag\u00f3gica\u201d.<\/p>\n<p>Sobre la importancia del rol de los directores, el Delegado Regional agreg\u00f3: \u201cNuestros equipos directivos dejan todo en la cancha, muchas veces hacen malabares pero su funci\u00f3n es estrat\u00e9gica. Como dice nuestra Ministra, donde hay un buen director, la escuela transforma. Por eso apostamos a este programa: es una manera de acompa\u00f1ar a la conducci\u00f3n de las instituciones porque esto tambi\u00e9n hace a la calidad educativa\u201d.<br \/>\nLas Rosas Digital.<\/p>\n","protected":false},"excerpt":{"rendered":"<p>En di\u00e1logo con Las Rosas Digital, el Delegado del Ministerio de Educaci\u00f3n Lic. Mario Ramos, dio a conocer detalles del Programa de Fortalecimiento para la Gesti\u00f3n Escolar, llevado adelante por el Gobierno de la Provincia de Santa Fe y apuntado a las escuelas oficiales de la Regi\u00f3n V. Este viernes 29 se llevar\u00e1 a cabo <a href=\"https:\/\/armstrongyregion.com.ar\/diario\/mario-ramos-estamos-apostando-a-fortalecer-el-rol-de-los-directores-en-las-escuelas-de-la-region-v\/\" title=\"Read more\" >&#8230;<\/a><\/p>\n","protected":false},"author":2,"featured_media":8888,"comment_status":"open","ping_status":"open","sticky":false,"template":"","format":"standard","meta":{"_jetpack_memberships_contains_paid_content":false,"footnotes":"","jetpack_publicize_message":"","jetpack_publicize_feature_enabled":true,"jetpack_social_post_already_shared":false,"jetpack_social_options":{"image_generator_settings":{"template":"highway","default_image_id":0,"enabled":false},"version":2}},"categories":[6,1,2,3],"tags":[1845,33,4228,4229,31,799,800],"class_list":["post-8887","post","type-post","status-publish","format-standard","has-post-thumbnail","hentry","category-cultura-entretenimiento","category-diario-armstrong","category-locales","category-region","tag-educacion","tag-a","tag-apostando","tag-fortalecer","tag-la","tag-mario","tag-ramos"],"jetpack_publicize_connections":[],"jetpack_featured_media_url":"https:\/\/armstrongyregion.com.ar\/diario\/wp-content\/uploads\/2016\/07\/mario-ramos-.jpg","jetpack_shortlink":"https:\/\/wp.me\/p62QDO-2jl","jetpack_sharing_enabled":true,"amp_enabled":true,"_links":{"self":[{"href":"https:\/\/armstrongyregion.com.ar\/diario\/wp-json\/wp\/v2\/posts\/8887","targetHints":{"allow":["GET"]}}],"collection":[{"href":"https:\/\/armstrongyregion.com.ar\/diario\/wp-json\/wp\/v2\/posts"}],"about":[{"href":"https:\/\/armstrongyregion.com.ar\/diario\/wp-json\/wp\/v2\/types\/post"}],"author":[{"embeddable":true,"href":"https:\/\/armstrongyregion.com.ar\/diario\/wp-json\/wp\/v2\/users\/2"}],"replies":[{"embeddable":true,"href":"https:\/\/armstrongyregion.com.ar\/diario\/wp-json\/wp\/v2\/comments?post=8887"}],"version-history":[{"count":0,"href":"https:\/\/armstrongyregion.com.ar\/diario\/wp-json\/wp\/v2\/posts\/8887\/revisions"}],"wp:featuredmedia":[{"embeddable":true,"href":"https:\/\/armstrongyregion.com.ar\/diario\/wp-json\/wp\/v2\/media\/8888"}],"wp:attachment":[{"href":"https:\/\/armstrongyregion.com.ar\/diario\/wp-json\/wp\/v2\/media?parent=8887"}],"wp:term":[{"taxonomy":"category","embeddable":true,"href":"https:\/\/armstrongyregion.com.ar\/diario\/wp-json\/wp\/v2\/categories?post=8887"},{"taxonomy":"post_tag","embeddable":true,"href":"https:\/\/armstrongyregion.com.ar\/diario\/wp-json\/wp\/v2\/tags?post=8887"}],"curies":[{"name":"wp","href":"https:\/\/api.w.org\/{rel}","templated":true}]}}