{"id":8855,"date":"2016-07-26T20:33:23","date_gmt":"2016-07-26T20:33:23","guid":{"rendered":"https:\/\/armstrongyregion.com.ar\/diario\/?p=8855"},"modified":"2016-07-26T20:33:23","modified_gmt":"2016-07-26T20:33:23","slug":"reunion-con-perotti-y-schiaretti-por-la-ley-de-maquinaria-agricola","status":"publish","type":"post","link":"https:\/\/armstrongyregion.com.ar\/diario\/reunion-con-perotti-y-schiaretti-por-la-ley-de-maquinaria-agricola\/","title":{"rendered":"Reuni\u00f3n con Perotti  y Schiaretti por la Ley de Maquinaria Agr\u00edcola."},"content":{"rendered":"<p><a href=\"http:\/\/armstrongyregion.com.ar\/diario\/wp-content\/uploads\/2016\/07\/PEROTTI_C\u00f3rdoba.jpg\"><img loading=\"lazy\" decoding=\"async\" src=\"http:\/\/armstrongyregion.com.ar\/diario\/wp-content\/uploads\/2016\/07\/PEROTTI_C\u00f3rdoba.jpg\" alt=\"PEROTTI_C\u00f3rdoba\" width=\"768\" height=\"510\" class=\"alignnone size-full wp-image-8856\" srcset=\"https:\/\/armstrongyregion.com.ar\/diario\/wp-content\/uploads\/2016\/07\/PEROTTI_C\u00f3rdoba.jpg 768w, https:\/\/armstrongyregion.com.ar\/diario\/wp-content\/uploads\/2016\/07\/PEROTTI_C\u00f3rdoba-300x199.jpg 300w\" sizes=\"auto, (max-width: 768px) 100vw, 768px\" \/><\/a>El senador nacional por Santa Fe, Omar Perotti, mantuvo hoy una reuni\u00f3n con el gobernador de C\u00f3rdoba, Juan Schiaretti y con el senador nacional por esa provincia, Carlos Caserio, en donde coincidieron en la importancia del avance del proyecto de ley que crea el \u201cR\u00e9gimen de promoci\u00f3n para la industria de maquinaria agr\u00edcola y agropartes\u201d, presentado por Perotti y aprobado por unanimidad en el Senado de la Naci\u00f3n.<\/p>\n<p>Durante la reuni\u00f3n que se realiz\u00f3 en la casa de Gobierno de C\u00f3rdoba, de la que tambi\u00e9n particip\u00f3 el Ministro de Industria, Comercio y Miner\u00eda provincial, Roberto Avalle, los legisladores nacionales y el gobernador analizaron en particular el proyecto que pas\u00f3 a la C\u00e1mara de Diputados para ser convertido en ley.<\/p>\n<p>En este marco, Omar Perotti afirm\u00f3: \u201cSanta Fe y C\u00f3rdoba constituyen los principales centros de producci\u00f3n de maquinaria agr\u00edcola en el pa\u00eds. Ambas concentran m\u00e1s del 70 por ciento de fabricaci\u00f3n de la Argentina\u201d.<\/p>\n<p>En ese sentido agreg\u00f3 que ambas provincias  \u00abtenemos historia en el origen de la maquinaria agr\u00edcola. Y cuando definimos el potencial de la Argentina como l\u00edder agroalimentario y agroindustrial, uno de esos sectores estrat\u00e9gicos para conseguir estos objetivos es el sector de la maquinaria agr\u00edcola. Y esto es lo que consideramos un elemento fuerte para trabajar, sobre todo para trabajar con todos los sectores pol\u00edticos\u201d, agreg\u00f3.<\/p>\n<p>La iniciativa propone otorgar beneficios fiscales a fabricantes de maquinaria agr\u00edcola y de agropartes asentados en el territorio nacional, con el objetivo de que estas se desarrollen, expandan y accedan a nuevos mercados internacionales.<\/p>\n","protected":false},"excerpt":{"rendered":"<p>El senador nacional por Santa Fe, Omar Perotti, mantuvo hoy una reuni\u00f3n con el gobernador de C\u00f3rdoba, Juan Schiaretti y con el senador nacional por esa provincia, Carlos Caserio, en donde coincidieron en la importancia del avance del proyecto de ley que crea el \u201cR\u00e9gimen de promoci\u00f3n para la industria de maquinaria agr\u00edcola y agropartes\u201d, <a href=\"https:\/\/armstrongyregion.com.ar\/diario\/reunion-con-perotti-y-schiaretti-por-la-ley-de-maquinaria-agricola\/\" title=\"Read more\" >&#8230;<\/a><\/p>\n","protected":false},"author":2,"featured_media":8856,"comment_status":"open","ping_status":"open","sticky":false,"template":"","format":"standard","meta":{"_jetpack_memberships_contains_paid_content":false,"footnotes":"","jetpack_publicize_message":"","jetpack_publicize_feature_enabled":true,"jetpack_social_post_already_shared":false,"jetpack_social_options":{"image_generator_settings":{"template":"highway","default_image_id":0,"enabled":false},"version":2}},"categories":[1,7,3],"tags":[],"class_list":["post-8855","post","type-post","status-publish","format-standard","has-post-thumbnail","hentry","category-diario-armstrong","category-politica","category-region"],"jetpack_publicize_connections":[],"jetpack_featured_media_url":"https:\/\/armstrongyregion.com.ar\/diario\/wp-content\/uploads\/2016\/07\/PEROTTI_C\u00f3rdoba.jpg","jetpack_shortlink":"https:\/\/wp.me\/p62QDO-2iP","jetpack_sharing_enabled":true,"amp_enabled":true,"_links":{"self":[{"href":"https:\/\/armstrongyregion.com.ar\/diario\/wp-json\/wp\/v2\/posts\/8855","targetHints":{"allow":["GET"]}}],"collection":[{"href":"https:\/\/armstrongyregion.com.ar\/diario\/wp-json\/wp\/v2\/posts"}],"about":[{"href":"https:\/\/armstrongyregion.com.ar\/diario\/wp-json\/wp\/v2\/types\/post"}],"author":[{"embeddable":true,"href":"https:\/\/armstrongyregion.com.ar\/diario\/wp-json\/wp\/v2\/users\/2"}],"replies":[{"embeddable":true,"href":"https:\/\/armstrongyregion.com.ar\/diario\/wp-json\/wp\/v2\/comments?post=8855"}],"version-history":[{"count":0,"href":"https:\/\/armstrongyregion.com.ar\/diario\/wp-json\/wp\/v2\/posts\/8855\/revisions"}],"wp:featuredmedia":[{"embeddable":true,"href":"https:\/\/armstrongyregion.com.ar\/diario\/wp-json\/wp\/v2\/media\/8856"}],"wp:attachment":[{"href":"https:\/\/armstrongyregion.com.ar\/diario\/wp-json\/wp\/v2\/media?parent=8855"}],"wp:term":[{"taxonomy":"category","embeddable":true,"href":"https:\/\/armstrongyregion.com.ar\/diario\/wp-json\/wp\/v2\/categories?post=8855"},{"taxonomy":"post_tag","embeddable":true,"href":"https:\/\/armstrongyregion.com.ar\/diario\/wp-json\/wp\/v2\/tags?post=8855"}],"curies":[{"name":"wp","href":"https:\/\/api.w.org\/{rel}","templated":true}]}}