{"id":8828,"date":"2016-07-25T12:58:20","date_gmt":"2016-07-25T12:58:20","guid":{"rendered":"https:\/\/armstrongyregion.com.ar\/diario\/?p=8828"},"modified":"2016-07-25T12:58:20","modified_gmt":"2016-07-25T12:58:20","slug":"fernando-martino-sufrio-un-horrible-accidente-en-parana","status":"publish","type":"post","link":"https:\/\/armstrongyregion.com.ar\/diario\/fernando-martino-sufrio-un-horrible-accidente-en-parana\/","title":{"rendered":"Fernando Martino sufri\u00f3 un horrible accidente en Paran\u00e1."},"content":{"rendered":"<p><a href=\"http:\/\/armstrongyregion.com.ar\/diario\/wp-content\/uploads\/2016\/07\/Fer-Martino-.jpg\"><img loading=\"lazy\" decoding=\"async\" src=\"http:\/\/armstrongyregion.com.ar\/diario\/wp-content\/uploads\/2016\/07\/Fer-Martino-.jpg\" alt=\"Fer-Martino-\" width=\"960\" height=\"539\" class=\"alignnone size-full wp-image-8829\" srcset=\"https:\/\/armstrongyregion.com.ar\/diario\/wp-content\/uploads\/2016\/07\/Fer-Martino-.jpg 960w, https:\/\/armstrongyregion.com.ar\/diario\/wp-content\/uploads\/2016\/07\/Fer-Martino--300x168.jpg 300w\" sizes=\"auto, (max-width: 960px) 100vw, 960px\" \/><\/a>La s\u00e9ptima fecha del TS1800 result\u00f3 ser accidentada para Fernando Martino, sufriendo un vuelco extremadamente fuerte y peligroso, pero que afortunadamente no conllev\u00f3 lesiones. El representante de Armstrong debi\u00f3 ser trasladado a un efector de salud, donde se hicieron estudios de rutina y se constat\u00f3 un perfecto estado a pesar de todo.<br \/>\nEl piloto Crucianelli avanzaba en la final cuando recibi\u00f3 un toque que le levant\u00f3 el auto del suelo y al sacarlo de pista se clav\u00f3 en el c\u00e9sped, comenzando a dar una incontable cantidad de tumbos y giros en el aire. El auto se destruy\u00f3 tanto que hubo mucho temor por la salud de Martino, pero s\u00f3lo debi\u00f3 hacerse una tomograf\u00eda, y otros chequeos.<br \/>\nCabe destacar los trabajos del equipo de rescate, que estuvieron muy r\u00e1pidos para que cualquier riesgo sea minimizado. Luego de los estudios llevados a cabo en Paran\u00e1, los m\u00e9dicos decidieron dejarlo internado en observaci\u00f3n hasta el lunes.<br \/>\n\u201cEstoy muy bien pero me tengo que quedar en Paran\u00e1 hasta ma\u00f1ana. Me hicieron una tomograf\u00eda y est\u00e1 todo correcto. Golpes tengo pero por lo que fue el accidente, estoy muy bien. Agradezco a todos por intentar comunicarse y por el apoyo que estoy recibiendo\u201d, manifest\u00f3 Fer Martino, llevando tranquilidad a todos.<br \/>\nY profundiz\u00f3: \u201cEstoy muy agradecido por la atenci\u00f3n, que fue excelente desde la ambulancia hasta el sanatorio. Del accidente no recuerdo nada, s\u00f3lo la largada y nada m\u00e1s. Reci\u00e9n vi las im\u00e1genes y no me acuerdo nada. Fue un golpe duro y viendo c\u00f3mo estoy, la saqu\u00e9 bastante barata. El auto se comport\u00f3 de diez porque se destruy\u00f3 pero cumpli\u00f3 la funci\u00f3n de aguantarme. Me tengo que quedar esta noche en Paran\u00e1 por cuestiones de rutina\u201d.<br \/>\nEn lo estrictamente deportivo, el s\u00e1bado hab\u00eda sido negativo porque en el primer entrenamiento Fernando tuvo un choque contra la pared en \u2018la olla\u2019, la \u00faltima curva, y las reparaciones no hab\u00edan dejado al Clio en las mejores condiciones. En la serie, Fer intento todo lo que pudo pero apenas pudo llegar d\u00e9cimo, superando a un solo rival. El espect\u00e1culo final ven\u00eda siendo diferente, porque estaba remontando a base de no entrometerse en problemas, pero lamentablemente Alejo Borgiani tuvo un toque con \u00e9l que desencaden\u00f3 el grave accidente.<br \/>\nPara concluir, refiri\u00e9ndose a la vuelta al ruedo, afirm\u00f3: \u201cVamos a evaluar el estado del auto y a partir de all\u00ed, veremos c\u00f3mo seguimos\u201d. La pr\u00f3xima fecha ser\u00e1 el fin de semana del 20 y 21 de agosto, en el Parque de la Velocidad de San Jorge, pero es muy pronto para saber si Martino estar\u00e1 participando o no.<br \/>\nMotor Sport Media Group<br \/>\nRedacci\u00f3n: Mauro Calandria<\/p>\n","protected":false},"excerpt":{"rendered":"<p>La s\u00e9ptima fecha del TS1800 result\u00f3 ser accidentada para Fernando Martino, sufriendo un vuelco extremadamente fuerte y peligroso, pero que afortunadamente no conllev\u00f3 lesiones. El representante de Armstrong debi\u00f3 ser trasladado a un efector de salud, donde se hicieron estudios de rutina y se constat\u00f3 un perfecto estado a pesar de todo. El piloto Crucianelli <a href=\"https:\/\/armstrongyregion.com.ar\/diario\/fernando-martino-sufrio-un-horrible-accidente-en-parana\/\" title=\"Read more\" >&#8230;<\/a><\/p>\n","protected":false},"author":2,"featured_media":8829,"comment_status":"open","ping_status":"open","sticky":false,"template":"","format":"standard","meta":{"_jetpack_memberships_contains_paid_content":false,"footnotes":"","jetpack_publicize_message":"","jetpack_publicize_feature_enabled":true,"jetpack_social_post_already_shared":false,"jetpack_social_options":{"image_generator_settings":{"template":"highway","default_image_id":0,"enabled":false},"version":2}},"categories":[5,1,2,3],"tags":[694,428,4215,3475,4214],"class_list":["post-8828","post","type-post","status-publish","format-standard","has-post-thumbnail","hentry","category-deportes","category-diario-armstrong","category-locales","category-region","tag-accidente","tag-fernando","tag-horrible","tag-martino","tag-sufrio"],"jetpack_publicize_connections":[],"jetpack_featured_media_url":"https:\/\/armstrongyregion.com.ar\/diario\/wp-content\/uploads\/2016\/07\/Fer-Martino-.jpg","jetpack_shortlink":"https:\/\/wp.me\/p62QDO-2io","jetpack_sharing_enabled":true,"amp_enabled":true,"_links":{"self":[{"href":"https:\/\/armstrongyregion.com.ar\/diario\/wp-json\/wp\/v2\/posts\/8828","targetHints":{"allow":["GET"]}}],"collection":[{"href":"https:\/\/armstrongyregion.com.ar\/diario\/wp-json\/wp\/v2\/posts"}],"about":[{"href":"https:\/\/armstrongyregion.com.ar\/diario\/wp-json\/wp\/v2\/types\/post"}],"author":[{"embeddable":true,"href":"https:\/\/armstrongyregion.com.ar\/diario\/wp-json\/wp\/v2\/users\/2"}],"replies":[{"embeddable":true,"href":"https:\/\/armstrongyregion.com.ar\/diario\/wp-json\/wp\/v2\/comments?post=8828"}],"version-history":[{"count":0,"href":"https:\/\/armstrongyregion.com.ar\/diario\/wp-json\/wp\/v2\/posts\/8828\/revisions"}],"wp:featuredmedia":[{"embeddable":true,"href":"https:\/\/armstrongyregion.com.ar\/diario\/wp-json\/wp\/v2\/media\/8829"}],"wp:attachment":[{"href":"https:\/\/armstrongyregion.com.ar\/diario\/wp-json\/wp\/v2\/media?parent=8828"}],"wp:term":[{"taxonomy":"category","embeddable":true,"href":"https:\/\/armstrongyregion.com.ar\/diario\/wp-json\/wp\/v2\/categories?post=8828"},{"taxonomy":"post_tag","embeddable":true,"href":"https:\/\/armstrongyregion.com.ar\/diario\/wp-json\/wp\/v2\/tags?post=8828"}],"curies":[{"name":"wp","href":"https:\/\/api.w.org\/{rel}","templated":true}]}}