{"id":8825,"date":"2016-07-25T12:43:24","date_gmt":"2016-07-25T12:43:24","guid":{"rendered":"https:\/\/armstrongyregion.com.ar\/diario\/?p=8825"},"modified":"2016-07-25T12:43:24","modified_gmt":"2016-07-25T12:43:24","slug":"armstrong-delincuentes-rompieron-los-vidrios-de-dos-vehiculos","status":"publish","type":"post","link":"https:\/\/armstrongyregion.com.ar\/diario\/armstrong-delincuentes-rompieron-los-vidrios-de-dos-vehiculos\/","title":{"rendered":"Armstrong. Delincuentes rompieron los vidrios de dos veh\u00edculos."},"content":{"rendered":"<p><a href=\"http:\/\/armstrongyregion.com.ar\/diario\/wp-content\/uploads\/2016\/07\/comisaria-armstrong-y-region13.jpg\"><img loading=\"lazy\" decoding=\"async\" src=\"http:\/\/armstrongyregion.com.ar\/diario\/wp-content\/uploads\/2016\/07\/comisaria-armstrong-y-region13-1024x552.jpg\" alt=\"comisaria-armstrong-y-region1\" width=\"800\" height=\"431\" class=\"alignnone size-large wp-image-8826\" srcset=\"https:\/\/armstrongyregion.com.ar\/diario\/wp-content\/uploads\/2016\/07\/comisaria-armstrong-y-region13-1024x552.jpg 1024w, https:\/\/armstrongyregion.com.ar\/diario\/wp-content\/uploads\/2016\/07\/comisaria-armstrong-y-region13-300x162.jpg 300w, https:\/\/armstrongyregion.com.ar\/diario\/wp-content\/uploads\/2016\/07\/comisaria-armstrong-y-region13.jpg 1855w\" sizes=\"auto, (max-width: 800px) 100vw, 800px\" \/><\/a>El hecho sucedi\u00f3 en la noche del viernes, en la intersecci\u00f3n de calles Cuffia e Iraci, uno de los dos veh\u00edculos que sufri\u00f3 la rotura del vidrio fue la camioneta del Ing. Claudio Del Vecchio, quien en dialogo con Jorge Tagina, FM97.1 dec\u00eda: \u201cEran las 21,30hs cuando se dispara la alarma de mi camioneta, cuando salgo veo que me rompieron el vidrio de la puerta derecha, se llevaron  un malet\u00edn con papeles de trabajo\u201d.<br \/>\nDel Vecchio expres\u00f3, \u201cAfortunadamente, el s\u00e1bado me avisan que el malet\u00edn apareci\u00f3 tirado en la banquina de la Ruta 178, pero la verdad es muy preocupante lo que est\u00e1 pasando en Armstrong\u201d<\/p>\n","protected":false},"excerpt":{"rendered":"<p>El hecho sucedi\u00f3 en la noche del viernes, en la intersecci\u00f3n de calles Cuffia e Iraci, uno de los dos veh\u00edculos que sufri\u00f3 la rotura del vidrio fue la camioneta del Ing. Claudio Del Vecchio, quien en dialogo con Jorge Tagina, FM97.1 dec\u00eda: \u201cEran las 21,30hs cuando se dispara la alarma de mi camioneta, cuando <a href=\"https:\/\/armstrongyregion.com.ar\/diario\/armstrong-delincuentes-rompieron-los-vidrios-de-dos-vehiculos\/\" title=\"Read more\" >&#8230;<\/a><\/p>\n","protected":false},"author":2,"featured_media":8826,"comment_status":"open","ping_status":"open","sticky":false,"template":"","format":"standard","meta":{"_jetpack_memberships_contains_paid_content":false,"footnotes":"","jetpack_publicize_message":"","jetpack_publicize_feature_enabled":true,"jetpack_social_post_already_shared":false,"jetpack_social_options":{"image_generator_settings":{"template":"highway","default_image_id":0,"enabled":false},"version":2}},"categories":[1,2,2852,3],"tags":[20,19,151,2248,759,4213],"class_list":["post-8825","post","type-post","status-publish","format-standard","has-post-thumbnail","hentry","category-diario-armstrong","category-locales","category-policiales","category-region","tag-armstrong","tag-de","tag-delincuentes","tag-rompieron","tag-vehiculos","tag-vidrios"],"jetpack_publicize_connections":[],"jetpack_featured_media_url":"https:\/\/armstrongyregion.com.ar\/diario\/wp-content\/uploads\/2016\/07\/comisaria-armstrong-y-region13.jpg","jetpack_shortlink":"https:\/\/wp.me\/p62QDO-2il","jetpack_sharing_enabled":true,"amp_enabled":true,"_links":{"self":[{"href":"https:\/\/armstrongyregion.com.ar\/diario\/wp-json\/wp\/v2\/posts\/8825","targetHints":{"allow":["GET"]}}],"collection":[{"href":"https:\/\/armstrongyregion.com.ar\/diario\/wp-json\/wp\/v2\/posts"}],"about":[{"href":"https:\/\/armstrongyregion.com.ar\/diario\/wp-json\/wp\/v2\/types\/post"}],"author":[{"embeddable":true,"href":"https:\/\/armstrongyregion.com.ar\/diario\/wp-json\/wp\/v2\/users\/2"}],"replies":[{"embeddable":true,"href":"https:\/\/armstrongyregion.com.ar\/diario\/wp-json\/wp\/v2\/comments?post=8825"}],"version-history":[{"count":0,"href":"https:\/\/armstrongyregion.com.ar\/diario\/wp-json\/wp\/v2\/posts\/8825\/revisions"}],"wp:featuredmedia":[{"embeddable":true,"href":"https:\/\/armstrongyregion.com.ar\/diario\/wp-json\/wp\/v2\/media\/8826"}],"wp:attachment":[{"href":"https:\/\/armstrongyregion.com.ar\/diario\/wp-json\/wp\/v2\/media?parent=8825"}],"wp:term":[{"taxonomy":"category","embeddable":true,"href":"https:\/\/armstrongyregion.com.ar\/diario\/wp-json\/wp\/v2\/categories?post=8825"},{"taxonomy":"post_tag","embeddable":true,"href":"https:\/\/armstrongyregion.com.ar\/diario\/wp-json\/wp\/v2\/tags?post=8825"}],"curies":[{"name":"wp","href":"https:\/\/api.w.org\/{rel}","templated":true}]}}