{"id":8814,"date":"2016-07-25T01:45:15","date_gmt":"2016-07-25T01:45:15","guid":{"rendered":"https:\/\/armstrongyregion.com.ar\/diario\/?p=8814"},"modified":"2016-07-25T01:45:15","modified_gmt":"2016-07-25T01:45:15","slug":"alerta-meteorologico-lluvias-intensas-para-la-region","status":"publish","type":"post","link":"https:\/\/armstrongyregion.com.ar\/diario\/alerta-meteorologico-lluvias-intensas-para-la-region\/","title":{"rendered":"Alerta meteorol\u00f3gico, lluvias intensas para la region."},"content":{"rendered":"<p><a href=\"http:\/\/armstrongyregion.com.ar\/diario\/wp-content\/uploads\/2016\/07\/lluvias-.jpg\"><img loading=\"lazy\" decoding=\"async\" src=\"http:\/\/armstrongyregion.com.ar\/diario\/wp-content\/uploads\/2016\/07\/lluvias-.jpg\" alt=\"lluvias-\" width=\"768\" height=\"441\" class=\"alignnone size-full wp-image-8815\" srcset=\"https:\/\/armstrongyregion.com.ar\/diario\/wp-content\/uploads\/2016\/07\/lluvias-.jpg 768w, https:\/\/armstrongyregion.com.ar\/diario\/wp-content\/uploads\/2016\/07\/lluvias--300x172.jpg 300w\" sizes=\"auto, (max-width: 768px) 100vw, 768px\" \/><\/a>La Junta Municipal de Defensa Civil Armstrong informa que rige un alerta meteorol\u00f3gico por lluvias intensas en el centro, este y noroeste de Buenos Aires, centro y este de C\u00f3rdoba, Entre R\u00edos, este de La Pampa, sur y centro de Santa Fe, Ciudad Aut\u00f3noma de Buenos Aires, y R\u00edo de la Plata.<br \/>\nSe prev\u00e9 que, a partir de la ma\u00f1ana del lunes 25, el \u00e1rea de cobertura sea afectada por lluvias, algunas localmente intensas.<br \/>\nEsta situaci\u00f3n estar\u00e1 acompa\u00f1ada por vientos regulares o fuertes del sector este, con r\u00e1fagas.<br \/>\nSe solicita a la poblaci\u00f3n tomar todas las medidas de precauci\u00f3n.<\/p>\n","protected":false},"excerpt":{"rendered":"<p>La Junta Municipal de Defensa Civil Armstrong informa que rige un alerta meteorol\u00f3gico por lluvias intensas en el centro, este y noroeste de Buenos Aires, centro y este de C\u00f3rdoba, Entre R\u00edos, este de La Pampa, sur y centro de Santa Fe, Ciudad Aut\u00f3noma de Buenos Aires, y R\u00edo de la Plata. Se prev\u00e9 que, <a href=\"https:\/\/armstrongyregion.com.ar\/diario\/alerta-meteorologico-lluvias-intensas-para-la-region\/\" title=\"Read more\" >&#8230;<\/a><\/p>\n","protected":false},"author":2,"featured_media":8815,"comment_status":"open","ping_status":"open","sticky":false,"template":"","format":"standard","meta":{"_jetpack_memberships_contains_paid_content":false,"footnotes":"","jetpack_publicize_message":"","jetpack_publicize_feature_enabled":true,"jetpack_social_post_already_shared":false,"jetpack_social_options":{"image_generator_settings":{"template":"highway","default_image_id":0,"enabled":false},"version":2}},"categories":[1,2,3],"tags":[230,15,418,31,416,231,388],"class_list":["post-8814","post","type-post","status-publish","format-standard","has-post-thumbnail","hentry","category-diario-armstrong","category-locales","category-region","tag-alerta","tag-en","tag-intensas","tag-la","tag-lluvias","tag-meteorologico","tag-region-2"],"jetpack_publicize_connections":[],"jetpack_featured_media_url":"https:\/\/armstrongyregion.com.ar\/diario\/wp-content\/uploads\/2016\/07\/lluvias-.jpg","jetpack_shortlink":"https:\/\/wp.me\/p62QDO-2ia","jetpack_sharing_enabled":true,"amp_enabled":true,"_links":{"self":[{"href":"https:\/\/armstrongyregion.com.ar\/diario\/wp-json\/wp\/v2\/posts\/8814","targetHints":{"allow":["GET"]}}],"collection":[{"href":"https:\/\/armstrongyregion.com.ar\/diario\/wp-json\/wp\/v2\/posts"}],"about":[{"href":"https:\/\/armstrongyregion.com.ar\/diario\/wp-json\/wp\/v2\/types\/post"}],"author":[{"embeddable":true,"href":"https:\/\/armstrongyregion.com.ar\/diario\/wp-json\/wp\/v2\/users\/2"}],"replies":[{"embeddable":true,"href":"https:\/\/armstrongyregion.com.ar\/diario\/wp-json\/wp\/v2\/comments?post=8814"}],"version-history":[{"count":0,"href":"https:\/\/armstrongyregion.com.ar\/diario\/wp-json\/wp\/v2\/posts\/8814\/revisions"}],"wp:featuredmedia":[{"embeddable":true,"href":"https:\/\/armstrongyregion.com.ar\/diario\/wp-json\/wp\/v2\/media\/8815"}],"wp:attachment":[{"href":"https:\/\/armstrongyregion.com.ar\/diario\/wp-json\/wp\/v2\/media?parent=8814"}],"wp:term":[{"taxonomy":"category","embeddable":true,"href":"https:\/\/armstrongyregion.com.ar\/diario\/wp-json\/wp\/v2\/categories?post=8814"},{"taxonomy":"post_tag","embeddable":true,"href":"https:\/\/armstrongyregion.com.ar\/diario\/wp-json\/wp\/v2\/tags?post=8814"}],"curies":[{"name":"wp","href":"https:\/\/api.w.org\/{rel}","templated":true}]}}