{"id":8808,"date":"2016-07-23T12:53:59","date_gmt":"2016-07-23T12:53:59","guid":{"rendered":"https:\/\/armstrongyregion.com.ar\/diario\/?p=8808"},"modified":"2016-07-23T12:53:59","modified_gmt":"2016-07-23T12:53:59","slug":"se-impuso-el-nombre-dr-raul-di-pascuale-a-la-unidad-de-terapia-intensiva","status":"publish","type":"post","link":"https:\/\/armstrongyregion.com.ar\/diario\/se-impuso-el-nombre-dr-raul-di-pascuale-a-la-unidad-de-terapia-intensiva\/","title":{"rendered":"Se impuso el nombre \u201cDr. Raul Di Pascuale\u201d a la Unidad de Terapia Intensiva."},"content":{"rendered":"<p><a href=\"http:\/\/armstrongyregion.com.ar\/diario\/wp-content\/uploads\/2016\/07\/sala-raul-1.jpg\"><img loading=\"lazy\" decoding=\"async\" src=\"http:\/\/armstrongyregion.com.ar\/diario\/wp-content\/uploads\/2016\/07\/sala-raul-1.jpg\" alt=\"sala-raul-1\" width=\"768\" height=\"501\" class=\"alignnone size-full wp-image-8809\" srcset=\"https:\/\/armstrongyregion.com.ar\/diario\/wp-content\/uploads\/2016\/07\/sala-raul-1.jpg 768w, https:\/\/armstrongyregion.com.ar\/diario\/wp-content\/uploads\/2016\/07\/sala-raul-1-300x196.jpg 300w\" sizes=\"auto, (max-width: 768px) 100vw, 768px\" \/><\/a>Como estaba previsto, el pasado viernes 22 de julio, pasadas las 20hs se realiz\u00f3 el acto donde qued\u00f3 impuesto el nombre \u201cDr. Raul Di Pascuale\u201d a la sala de Unidad de Terapia Intensiva (U.T.I.) de Armstrong en homenaje a quien fuera se creador intelectual.<br \/>\nEl Dr. Raul Di Pascuale, fue quien aport\u00f3  a la Salud P\u00fablica del Departamento Belgrano, un avance en las prestaciones con la habilitaci\u00f3n de una unidad de terapia intensiva en el hospital Samco de esta ciudad en septiembre del a\u00f1o 2003.<br \/>\nEn ese momento el cardi\u00f3logo comentaba a la prensa que  pretend\u00eda que la dependencia crezca en complejidad en la medida en que el personal de enfermer\u00eda y medicina vaya sumando experiencia. Cumpli\u00f3 su objetivo y gracias a este avance muchas vidas lograron salvarse en el nosocomio armstronense.<br \/>\nEn el acto estuvieron presentes el intendente local Pablo Verdecchia, los concejales Dr. Augusto Fischer, Daniela P\u00e9rez, Leonardo Rostagno,  y Emiliano Gramigna quien presentara al concejo un proyecto de ordenanza para que se le d\u00e9 el nombre del mentor de la terapia Dr. Di Pascuale, el Gerente de la Cooperativa de Obras y Serv. Publicos Ing. Ricardo Airasca, las autoridades del SAMCo, familiares de Ra\u00fal, personal hospitalario y p\u00fablico en general.<\/p>\n","protected":false},"excerpt":{"rendered":"<p>Como estaba previsto, el pasado viernes 22 de julio, pasadas las 20hs se realiz\u00f3 el acto donde qued\u00f3 impuesto el nombre \u201cDr. Raul Di Pascuale\u201d a la sala de Unidad de Terapia Intensiva (U.T.I.) de Armstrong en homenaje a quien fuera se creador intelectual. El Dr. Raul Di Pascuale, fue quien aport\u00f3 a la Salud <a href=\"https:\/\/armstrongyregion.com.ar\/diario\/se-impuso-el-nombre-dr-raul-di-pascuale-a-la-unidad-de-terapia-intensiva\/\" title=\"Read more\" >&#8230;<\/a><\/p>\n","protected":false},"author":2,"featured_media":8809,"comment_status":"open","ping_status":"open","sticky":false,"template":"","format":"standard","meta":{"_jetpack_memberships_contains_paid_content":false,"footnotes":"","jetpack_publicize_message":"","jetpack_publicize_feature_enabled":true,"jetpack_social_post_already_shared":false,"jetpack_social_options":{"image_generator_settings":{"template":"highway","default_image_id":0,"enabled":false},"version":2}},"categories":[1,2,4,3],"tags":[19,4206,2495,4189,1732,773,86,3879],"class_list":["post-8808","post","type-post","status-publish","format-standard","has-post-thumbnail","hentry","category-diario-armstrong","category-locales","category-prevencion-salud","category-region","tag-de","tag-di-pascuale","tag-impuso","tag-nombre","tag-raul","tag-sala","tag-se","tag-terapia"],"jetpack_publicize_connections":[],"jetpack_featured_media_url":"https:\/\/armstrongyregion.com.ar\/diario\/wp-content\/uploads\/2016\/07\/sala-raul-1.jpg","jetpack_shortlink":"https:\/\/wp.me\/p62QDO-2i4","jetpack_sharing_enabled":true,"amp_enabled":true,"_links":{"self":[{"href":"https:\/\/armstrongyregion.com.ar\/diario\/wp-json\/wp\/v2\/posts\/8808","targetHints":{"allow":["GET"]}}],"collection":[{"href":"https:\/\/armstrongyregion.com.ar\/diario\/wp-json\/wp\/v2\/posts"}],"about":[{"href":"https:\/\/armstrongyregion.com.ar\/diario\/wp-json\/wp\/v2\/types\/post"}],"author":[{"embeddable":true,"href":"https:\/\/armstrongyregion.com.ar\/diario\/wp-json\/wp\/v2\/users\/2"}],"replies":[{"embeddable":true,"href":"https:\/\/armstrongyregion.com.ar\/diario\/wp-json\/wp\/v2\/comments?post=8808"}],"version-history":[{"count":0,"href":"https:\/\/armstrongyregion.com.ar\/diario\/wp-json\/wp\/v2\/posts\/8808\/revisions"}],"wp:featuredmedia":[{"embeddable":true,"href":"https:\/\/armstrongyregion.com.ar\/diario\/wp-json\/wp\/v2\/media\/8809"}],"wp:attachment":[{"href":"https:\/\/armstrongyregion.com.ar\/diario\/wp-json\/wp\/v2\/media?parent=8808"}],"wp:term":[{"taxonomy":"category","embeddable":true,"href":"https:\/\/armstrongyregion.com.ar\/diario\/wp-json\/wp\/v2\/categories?post=8808"},{"taxonomy":"post_tag","embeddable":true,"href":"https:\/\/armstrongyregion.com.ar\/diario\/wp-json\/wp\/v2\/tags?post=8808"}],"curies":[{"name":"wp","href":"https:\/\/api.w.org\/{rel}","templated":true}]}}