{"id":8799,"date":"2016-07-23T11:46:10","date_gmt":"2016-07-23T11:46:10","guid":{"rendered":"https:\/\/armstrongyregion.com.ar\/diario\/?p=8799"},"modified":"2016-07-23T11:46:10","modified_gmt":"2016-07-23T11:46:10","slug":"armstrong-el-domingo-24-continua-sabores-y-colores-locales","status":"publish","type":"post","link":"https:\/\/armstrongyregion.com.ar\/diario\/armstrong-el-domingo-24-continua-sabores-y-colores-locales\/","title":{"rendered":"Armstrong. El domingo 24 contin\u00faa Sabores y Colores Locales."},"content":{"rendered":"<p><a href=\"http:\/\/armstrongyregion.com.ar\/diario\/wp-content\/uploads\/2016\/07\/24-julio-feria-c-y-s.jpg\"><img loading=\"lazy\" decoding=\"async\" src=\"http:\/\/armstrongyregion.com.ar\/diario\/wp-content\/uploads\/2016\/07\/24-julio-feria-c-y-s-1024x721.jpg\" alt=\"24 julio feria c y s\" width=\"800\" height=\"563\" class=\"alignnone size-large wp-image-8800\" srcset=\"https:\/\/armstrongyregion.com.ar\/diario\/wp-content\/uploads\/2016\/07\/24-julio-feria-c-y-s-1024x721.jpg 1024w, https:\/\/armstrongyregion.com.ar\/diario\/wp-content\/uploads\/2016\/07\/24-julio-feria-c-y-s-300x211.jpg 300w\" sizes=\"auto, (max-width: 800px) 100vw, 800px\" \/><\/a>Este domingo 24 de julio desde las 13 hs., y con motivo de las vacaciones de invierno, volver\u00e1 a presentarse la feria Sabores y Colores Locales, en el paseo artesanal del parque recreativo Bracito Fuerte, ubicado sobre calle Pte. Per\u00f3n.<br \/>\nSe invita a todos los armstronenses a visitarla y pasar una tarde divertida ya que se contar\u00e1 con una importante cantidad de stands de emprendedores de  nuestra ciudad y otros tantos invitados de diferentes localidades de la regi\u00f3n que pondr\u00e1n a su disposici\u00f3n una gran variedad de productos elaborados de manera artesanal.<br \/>\nEn esta oportunidad se presentar\u00e1n n\u00fameros art\u00edsticos con el joven cantante rapero local OZME, y un hermoso show de magia y globolog\u00eda a cargo del mago Juan.<br \/>\nComo siempre habr\u00e1 sorteos y servicio de buffet. En caso de lluvia, el evento quedar\u00e1 suspendido.<\/p>\n","protected":false},"excerpt":{"rendered":"<p>Este domingo 24 de julio desde las 13 hs., y con motivo de las vacaciones de invierno, volver\u00e1 a presentarse la feria Sabores y Colores Locales, en el paseo artesanal del parque recreativo Bracito Fuerte, ubicado sobre calle Pte. Per\u00f3n. Se invita a todos los armstronenses a visitarla y pasar una tarde divertida ya que <a href=\"https:\/\/armstrongyregion.com.ar\/diario\/armstrong-el-domingo-24-continua-sabores-y-colores-locales\/\" title=\"Read more\" >&#8230;<\/a><\/p>\n","protected":false},"author":2,"featured_media":8800,"comment_status":"open","ping_status":"open","sticky":false,"template":"","format":"standard","meta":{"_jetpack_memberships_contains_paid_content":false,"footnotes":"","jetpack_publicize_message":"","jetpack_publicize_feature_enabled":true,"jetpack_social_post_already_shared":false,"jetpack_social_options":{"image_generator_settings":{"template":"highway","default_image_id":0,"enabled":false},"version":2}},"categories":[6,1,2],"tags":[1336,19,1725,1335,13],"class_list":["post-8799","post","type-post","status-publish","format-standard","has-post-thumbnail","hentry","category-cultura-entretenimiento","category-diario-armstrong","category-locales","tag-colores","tag-de","tag-feria","tag-sabores","tag-y"],"jetpack_publicize_connections":[],"jetpack_featured_media_url":"https:\/\/armstrongyregion.com.ar\/diario\/wp-content\/uploads\/2016\/07\/24-julio-feria-c-y-s.jpg","jetpack_shortlink":"https:\/\/wp.me\/p62QDO-2hV","jetpack_sharing_enabled":true,"amp_enabled":true,"_links":{"self":[{"href":"https:\/\/armstrongyregion.com.ar\/diario\/wp-json\/wp\/v2\/posts\/8799","targetHints":{"allow":["GET"]}}],"collection":[{"href":"https:\/\/armstrongyregion.com.ar\/diario\/wp-json\/wp\/v2\/posts"}],"about":[{"href":"https:\/\/armstrongyregion.com.ar\/diario\/wp-json\/wp\/v2\/types\/post"}],"author":[{"embeddable":true,"href":"https:\/\/armstrongyregion.com.ar\/diario\/wp-json\/wp\/v2\/users\/2"}],"replies":[{"embeddable":true,"href":"https:\/\/armstrongyregion.com.ar\/diario\/wp-json\/wp\/v2\/comments?post=8799"}],"version-history":[{"count":0,"href":"https:\/\/armstrongyregion.com.ar\/diario\/wp-json\/wp\/v2\/posts\/8799\/revisions"}],"wp:featuredmedia":[{"embeddable":true,"href":"https:\/\/armstrongyregion.com.ar\/diario\/wp-json\/wp\/v2\/media\/8800"}],"wp:attachment":[{"href":"https:\/\/armstrongyregion.com.ar\/diario\/wp-json\/wp\/v2\/media?parent=8799"}],"wp:term":[{"taxonomy":"category","embeddable":true,"href":"https:\/\/armstrongyregion.com.ar\/diario\/wp-json\/wp\/v2\/categories?post=8799"},{"taxonomy":"post_tag","embeddable":true,"href":"https:\/\/armstrongyregion.com.ar\/diario\/wp-json\/wp\/v2\/tags?post=8799"}],"curies":[{"name":"wp","href":"https:\/\/api.w.org\/{rel}","templated":true}]}}