{"id":878,"date":"2015-02-16T19:26:08","date_gmt":"2015-02-16T19:26:08","guid":{"rendered":"https:\/\/armstrongyregion.com.ar\/diario\/?p=878"},"modified":"2015-02-16T19:26:08","modified_gmt":"2015-02-16T19:26:08","slug":"canada-de-gomez-autoridades-municipales-se-reunieron-con-representantes-del-ministerio-de-seguridad-de-la-nacion","status":"publish","type":"post","link":"https:\/\/armstrongyregion.com.ar\/diario\/canada-de-gomez-autoridades-municipales-se-reunieron-con-representantes-del-ministerio-de-seguridad-de-la-nacion\/","title":{"rendered":"Ca\u00f1ada de G\u00f3mez. Autoridades municipales se reunieron con representantes del Ministerio de Seguridad de la Naci\u00f3n."},"content":{"rendered":"<p><a href=\"http:\/\/armstrongyregion.com.ar\/diario\/wp-content\/uploads\/2015\/02\/10958820_827998633925600_4886795681588924665_n.jpg\"><img loading=\"lazy\" decoding=\"async\" class=\"alignnone size-medium wp-image-879\" src=\"http:\/\/armstrongyregion.com.ar\/diario\/wp-content\/uploads\/2015\/02\/10958820_827998633925600_4886795681588924665_n-300x200.jpg\" alt=\"Clerici-seguridad\" width=\"300\" height=\"200\" srcset=\"https:\/\/armstrongyregion.com.ar\/diario\/wp-content\/uploads\/2015\/02\/10958820_827998633925600_4886795681588924665_n-300x200.jpg 300w, https:\/\/armstrongyregion.com.ar\/diario\/wp-content\/uploads\/2015\/02\/10958820_827998633925600_4886795681588924665_n.jpg 600w\" sizes=\"auto, (max-width: 300px) 100vw, 300px\" \/><\/a>El encuentro se realiz\u00f3 como parte del \u201cPlan nacional para la panificaci\u00f3n y gesti\u00f3n local de la seguridad ciudadana\u201d.<\/p>\n<p>En el trascurso de la semana, autoridades municipales se reunieron con representantes del Ministerio de Seguridad de Naci\u00f3n, como parte del<br \/>\n\u201cPlan nacional para la panificaci\u00f3n y gesti\u00f3n local de la seguridad<br \/>\nciudadana\u201d.<br \/>\nA partir de diferentes entrevistas, generaron un informe como parte de la posibilidad de la firma de un convenio con la Universidad Nacional<br \/>\nSan Mart\u00edn para la capacitaci\u00f3n en la optimizaci\u00f3n de recursos para la prevenci\u00f3n.<br \/>\nEste encuentro se realiza luego del pedido formulado desde el Consejo de Seguridad Ciudadana y la gesti\u00f3n municipal de concreci\u00f3n de la instalaci\u00f3n de un destacamento de Gendarmer\u00eda en la ciudad.<\/p>\n","protected":false},"excerpt":{"rendered":"<p>El encuentro se realiz\u00f3 como parte del \u201cPlan nacional para la panificaci\u00f3n y gesti\u00f3n local de la seguridad ciudadana\u201d. En el trascurso de la semana, autoridades municipales se reunieron con representantes del Ministerio de Seguridad de Naci\u00f3n, como parte del \u201cPlan nacional para la panificaci\u00f3n y gesti\u00f3n local de la seguridad ciudadana\u201d. A partir de <a href=\"https:\/\/armstrongyregion.com.ar\/diario\/canada-de-gomez-autoridades-municipales-se-reunieron-con-representantes-del-ministerio-de-seguridad-de-la-nacion\/\" title=\"Read more\" >&#8230;<\/a><\/p>\n","protected":false},"author":2,"featured_media":879,"comment_status":"open","ping_status":"open","sticky":false,"template":"","format":"standard","meta":{"_jetpack_memberships_contains_paid_content":false,"footnotes":"","jetpack_publicize_message":"","jetpack_publicize_feature_enabled":true,"jetpack_social_post_already_shared":false,"jetpack_social_options":{"image_generator_settings":{"template":"highway","default_image_id":0,"enabled":false},"version":2}},"categories":[1,3],"tags":[857,163,100,19,164,31,860,208,32,859,858,86,453],"class_list":["post-878","post","type-post","status-publish","format-standard","has-post-thumbnail","hentry","category-diario-armstrong","category-region","tag-autoridades","tag-canada","tag-con","tag-de","tag-gomez","tag-la","tag-ministerio","tag-municipales","tag-nacion","tag-representantes","tag-reunieron","tag-se","tag-seguridad"],"jetpack_publicize_connections":[],"jetpack_featured_media_url":"https:\/\/armstrongyregion.com.ar\/diario\/wp-content\/uploads\/2015\/02\/10958820_827998633925600_4886795681588924665_n.jpg","jetpack_shortlink":"https:\/\/wp.me\/p62QDO-ea","jetpack_sharing_enabled":true,"amp_enabled":true,"_links":{"self":[{"href":"https:\/\/armstrongyregion.com.ar\/diario\/wp-json\/wp\/v2\/posts\/878","targetHints":{"allow":["GET"]}}],"collection":[{"href":"https:\/\/armstrongyregion.com.ar\/diario\/wp-json\/wp\/v2\/posts"}],"about":[{"href":"https:\/\/armstrongyregion.com.ar\/diario\/wp-json\/wp\/v2\/types\/post"}],"author":[{"embeddable":true,"href":"https:\/\/armstrongyregion.com.ar\/diario\/wp-json\/wp\/v2\/users\/2"}],"replies":[{"embeddable":true,"href":"https:\/\/armstrongyregion.com.ar\/diario\/wp-json\/wp\/v2\/comments?post=878"}],"version-history":[{"count":0,"href":"https:\/\/armstrongyregion.com.ar\/diario\/wp-json\/wp\/v2\/posts\/878\/revisions"}],"wp:featuredmedia":[{"embeddable":true,"href":"https:\/\/armstrongyregion.com.ar\/diario\/wp-json\/wp\/v2\/media\/879"}],"wp:attachment":[{"href":"https:\/\/armstrongyregion.com.ar\/diario\/wp-json\/wp\/v2\/media?parent=878"}],"wp:term":[{"taxonomy":"category","embeddable":true,"href":"https:\/\/armstrongyregion.com.ar\/diario\/wp-json\/wp\/v2\/categories?post=878"},{"taxonomy":"post_tag","embeddable":true,"href":"https:\/\/armstrongyregion.com.ar\/diario\/wp-json\/wp\/v2\/tags?post=878"}],"curies":[{"name":"wp","href":"https:\/\/api.w.org\/{rel}","templated":true}]}}