{"id":8778,"date":"2016-07-20T13:17:30","date_gmt":"2016-07-20T13:17:30","guid":{"rendered":"https:\/\/armstrongyregion.com.ar\/diario\/?p=8778"},"modified":"2016-07-20T13:17:30","modified_gmt":"2016-07-20T13:17:30","slug":"giaccone-la-camara-de-apelaciones-debera-decidir-sobre-pedido-de-retrotraer-el-tarifazo-de-luz-en-santa-fe","status":"publish","type":"post","link":"https:\/\/armstrongyregion.com.ar\/diario\/giaccone-la-camara-de-apelaciones-debera-decidir-sobre-pedido-de-retrotraer-el-tarifazo-de-luz-en-santa-fe\/","title":{"rendered":"Giaccone: \u201cLa C\u00e1mara de Apelaciones deber\u00e1 decidir sobre pedido de retrotraer el tarifazo de luz en Santa Fe\u201d"},"content":{"rendered":"<p><a href=\"http:\/\/armstrongyregion.com.ar\/diario\/wp-content\/uploads\/2016\/07\/giaccone-.jpg\"><img loading=\"lazy\" decoding=\"async\" src=\"http:\/\/armstrongyregion.com.ar\/diario\/wp-content\/uploads\/2016\/07\/giaccone-.jpg\" alt=\"giaccone-\" width=\"768\" height=\"482\" class=\"alignnone size-full wp-image-8779\" srcset=\"https:\/\/armstrongyregion.com.ar\/diario\/wp-content\/uploads\/2016\/07\/giaccone-.jpg 768w, https:\/\/armstrongyregion.com.ar\/diario\/wp-content\/uploads\/2016\/07\/giaccone--300x188.jpg 300w\" sizes=\"auto, (max-width: 768px) 100vw, 768px\" \/><\/a>Habilitaron Feria Judicial en Tribunales Provinciales de Rosario.<\/p>\n<p>La diputada provincial, Claudia Giaccone expres\u00f3, \u201ccomo un positivo gesto\u201d que se habilite la feria judicial, decisi\u00f3n tomada por la  Jueza del Juzgado de Primera Instancia de Distrito Civil y Comercial  Silvia Cicutta de los Tribunales Provinciales de Rosario. <\/p>\n<p>Cabe indicar que al habilitarse la feria judicial se da curso a la apelaci\u00f3n presentada por la Multisectorial contra el Tarifazo luego de que el juez N\u00e9stor Garc\u00eda, en primera instancia, rechazara la cautelar presentada por la Multisectorial, que junto a Giaccone  es demandante para retrotraer aumento de luz a noviembre pasado. <\/p>\n<p>Ahora, se eleva la causa a la C\u00e1mara de Apelaciones quien \u201cen un plazo que estimamos posiblemente de dos semanas se podr\u00e1  expedir\u201d, se\u00f1al\u00f3 el abogado de la Multisectorial, Juan Alcaraz. \u201cConcretamente, lo realizado por la jueza Cicutta es habilitar feria y correspondientemente se dio curso a apelaci\u00f3n  y el expediente se eleva a la C\u00e1mara\u201d, explic\u00f3. <\/p>\n<p>Por su parte Giaccone dijo  que siguen \u201csiendo optimistas de que la justicia entienda el pedido de muchos comerciantes, Pymes y ciudadanos  que no podr\u00e1n pagar semejantes tarifazos en el servicio el\u00e9ctrico\u201d. <\/p>\n<p>Finalmente el abogado Alcaraz, la C\u00e1mara podr\u00e1 \u201cdar nula la sentencia en primera instancia y efectivizar otra sentencia\u201d.  O tambi\u00e9n \u201cse puede citar a otra audiencia de partes\u201d, agreg\u00f3. <\/p>\n","protected":false},"excerpt":{"rendered":"<p>Habilitaron Feria Judicial en Tribunales Provinciales de Rosario. La diputada provincial, Claudia Giaccone expres\u00f3, \u201ccomo un positivo gesto\u201d que se habilite la feria judicial, decisi\u00f3n tomada por la Jueza del Juzgado de Primera Instancia de Distrito Civil y Comercial Silvia Cicutta de los Tribunales Provinciales de Rosario. Cabe indicar que al habilitarse la feria judicial <a href=\"https:\/\/armstrongyregion.com.ar\/diario\/giaccone-la-camara-de-apelaciones-debera-decidir-sobre-pedido-de-retrotraer-el-tarifazo-de-luz-en-santa-fe\/\" title=\"Read more\" >&#8230;<\/a><\/p>\n","protected":false},"author":2,"featured_media":0,"comment_status":"open","ping_status":"open","sticky":false,"template":"","format":"standard","meta":{"_jetpack_memberships_contains_paid_content":false,"footnotes":"","jetpack_publicize_message":"","jetpack_publicize_feature_enabled":true,"jetpack_social_post_already_shared":false,"jetpack_social_options":{"image_generator_settings":{"template":"highway","default_image_id":0,"enabled":false},"version":2}},"categories":[1,7,3],"tags":[],"class_list":["post-8778","post","type-post","status-publish","format-standard","hentry","category-diario-armstrong","category-politica","category-region"],"jetpack_publicize_connections":[],"jetpack_featured_media_url":"","jetpack_shortlink":"https:\/\/wp.me\/p62QDO-2hA","jetpack_sharing_enabled":true,"amp_enabled":true,"_links":{"self":[{"href":"https:\/\/armstrongyregion.com.ar\/diario\/wp-json\/wp\/v2\/posts\/8778","targetHints":{"allow":["GET"]}}],"collection":[{"href":"https:\/\/armstrongyregion.com.ar\/diario\/wp-json\/wp\/v2\/posts"}],"about":[{"href":"https:\/\/armstrongyregion.com.ar\/diario\/wp-json\/wp\/v2\/types\/post"}],"author":[{"embeddable":true,"href":"https:\/\/armstrongyregion.com.ar\/diario\/wp-json\/wp\/v2\/users\/2"}],"replies":[{"embeddable":true,"href":"https:\/\/armstrongyregion.com.ar\/diario\/wp-json\/wp\/v2\/comments?post=8778"}],"version-history":[{"count":0,"href":"https:\/\/armstrongyregion.com.ar\/diario\/wp-json\/wp\/v2\/posts\/8778\/revisions"}],"wp:attachment":[{"href":"https:\/\/armstrongyregion.com.ar\/diario\/wp-json\/wp\/v2\/media?parent=8778"}],"wp:term":[{"taxonomy":"category","embeddable":true,"href":"https:\/\/armstrongyregion.com.ar\/diario\/wp-json\/wp\/v2\/categories?post=8778"},{"taxonomy":"post_tag","embeddable":true,"href":"https:\/\/armstrongyregion.com.ar\/diario\/wp-json\/wp\/v2\/tags?post=8778"}],"curies":[{"name":"wp","href":"https:\/\/api.w.org\/{rel}","templated":true}]}}