{"id":8774,"date":"2016-07-20T12:40:03","date_gmt":"2016-07-20T12:40:03","guid":{"rendered":"https:\/\/armstrongyregion.com.ar\/diario\/?p=8774"},"modified":"2016-07-20T12:43:44","modified_gmt":"2016-07-20T12:43:44","slug":"estoy-sorprendido-por-los-dichos-de-macri-siempre-busque-articular-y-coordinar-politicas-con-la-nacion","status":"publish","type":"post","link":"https:\/\/armstrongyregion.com.ar\/diario\/estoy-sorprendido-por-los-dichos-de-macri-siempre-busque-articular-y-coordinar-politicas-con-la-nacion\/","title":{"rendered":"\u00abEstoy sorprendido por los dichos de Macri; siempre busqu\u00e9 articular y coordinar pol\u00edticas con la Naci\u00f3n\u00bb"},"content":{"rendered":"<p><a href=\"http:\/\/armstrongyregion.com.ar\/diario\/wp-content\/uploads\/2016\/07\/Lifchitz2.jpg\"><img loading=\"lazy\" decoding=\"async\" src=\"http:\/\/armstrongyregion.com.ar\/diario\/wp-content\/uploads\/2016\/07\/Lifchitz2.jpg\" alt=\"Lifchitz2\" width=\"768\" height=\"502\" class=\"alignnone size-full wp-image-8775\" srcset=\"https:\/\/armstrongyregion.com.ar\/diario\/wp-content\/uploads\/2016\/07\/Lifchitz2.jpg 768w, https:\/\/armstrongyregion.com.ar\/diario\/wp-content\/uploads\/2016\/07\/Lifchitz2-300x196.jpg 300w\" sizes=\"auto, (max-width: 768px) 100vw, 768px\" \/><\/a>Miguel Lifschitz respondi\u00f3 a las declaraciones del presidente quien lo tild\u00f3 de ser \u00abel gobernador con menos vocaci\u00f3n de trabajar en equipo\u00bb.<br \/>\nMiguel Lifschitz se mostr\u00f3 hoy sorprendido por las declaraciones del presidente Mauricio Macri que lo defini\u00f3 como el un \u00abgobernador que no tiene voluntad de coordinar pol\u00edticas p\u00fablicas\u00bb.<\/p>\n<p>En declaraciones al programa \u00abEl primero de la ma\u00f1ana\u00bb de La Ocho, el mandatario santafesino afirm\u00f3: \u00abAyer hab\u00eda estado al mediod\u00eda en un almuerzo con otros gobernadores y el presidente me salud\u00f3 cordialmente. Despu\u00e9s escuch\u00e9 esas declaraciones. Si hay algo fuera de la realidad es esa calificaci\u00f3n a mi gobierno y hacia mi. Son declaraciones que est\u00e1n fuera de contexto. Soy una persona de di\u00e1logo. Siempre busqu\u00e9 articular y coordinar pol\u00edticas. Soy el gobernador y mis ministros con mejor asistencia a las convocatorias que hizo el Gobierno nacional. Es m\u00e1s estamos avanzando en muchos temas, siempre rescatando que hay una buena apertura al di\u00e1logo.\u00bb<\/p>\n<p>El mandatario santafesino visit\u00f3 los estudios de La Ocho, donde abord\u00f3 diferentes temas como su relaci\u00f3n con la Naci\u00f3n y los tarifazos que se decretaron a nivel nacional, especialmente en el servicio de gas, a los que calific\u00f3 como \u00abuna comedia de enredos que proviene de una serie de decisiones desacertadas\u00bb.<\/p>\n<p>\u00abHubo una falta de flexibilidad para corregir este problema r\u00e1pidamente, con idas y vueltas donde el consumidor tiene un gran desconcierto. Probablemente, el gobierno nacional termine recaudando menos de lo que hubiera podido recaudar si hubiera ordenado prolijamente de manera preanunciada y gradual como se lo hab\u00edamos planteado el ministro (de Energ\u00eda, Juan Jos\u00e9) Aranguren\u00bb, sostuvo Lifschitz.<\/p>\n<p>\u00abLa realidad no se puede poner en una caja de zapatos de la forma que uno quiere. Tiene su connotaci\u00f3n. La sociedad tiene cierto grado de tolerancia frente a determinadas cosas, pero eso tambi\u00e9n tiene un l\u00edmite. Eso es lo que un dirigente pol\u00edtico debe medir, advertir y saber manejar. Las tarifas estaban atrasadas y hab\u00eda que actualizarla, pero esto requer\u00eda un proceso con mayor informaci\u00f3n, implementaci\u00f3n gradual, para que la gente vaya adecuando su modo de vida a un ahorro de energ\u00eda. Es mejor hacer las cosas bien desde un principio que corregirlas sobre la marcha\u00bb, agreg\u00f3.<\/p>\n<p>Al ser consultado sobre las declaraciones de Macri que lo acus\u00f3 de ser el gobernador menos colaborativo, \u00abcon menos vocaci\u00f3n de trabajo en equipo\u00bb, Lifschitz afirm\u00f3: \u00abMe sorprendi\u00f3 cuando las escuch\u00e9. Ayer al mediod\u00eda estuve en un almuerzo donde estaba el presidente y me salud\u00f3 cordialmente como a los otros gobernadores. Si hay algo totalmente fuera de la realidad es esa calificaci\u00f3n hacia mi gobierno y hacia mi persona. Est\u00e1 totalmente fuera de contexto. Cualquiera que me conoce sabe que soy una persona de di\u00e1logo. Siempre, antes y ahora, he buscado articular y coordinar pol\u00edticas. Soy el gobernador con mejor asistencia a todas las convocatorias que hizo el gobierno nacional. Estuve presente en todos los encuentros. Estamos avanzando con los ministros en muchos temas y eso lo rescato permanentemente. Hay una buena apertura al di\u00e1logo\u00bb.<br \/>\nFuente: La Capital.Com<\/p>\n","protected":false},"excerpt":{"rendered":"<p>Miguel Lifschitz respondi\u00f3 a las declaraciones del presidente quien lo tild\u00f3 de ser \u00abel gobernador con menos vocaci\u00f3n de trabajar en equipo\u00bb. Miguel Lifschitz se mostr\u00f3 hoy sorprendido por las declaraciones del presidente Mauricio Macri que lo defini\u00f3 como el un \u00abgobernador que no tiene voluntad de coordinar pol\u00edticas p\u00fablicas\u00bb. En declaraciones al programa \u00abEl <a href=\"https:\/\/armstrongyregion.com.ar\/diario\/estoy-sorprendido-por-los-dichos-de-macri-siempre-busque-articular-y-coordinar-politicas-con-la-nacion\/\" title=\"Read more\" >&#8230;<\/a><\/p>\n","protected":false},"author":2,"featured_media":8775,"comment_status":"open","ping_status":"open","sticky":false,"template":"","format":"standard","meta":{"_jetpack_memberships_contains_paid_content":false,"footnotes":"","jetpack_publicize_message":"","jetpack_publicize_feature_enabled":true,"jetpack_social_post_already_shared":false,"jetpack_social_options":{"image_generator_settings":{"template":"highway","default_image_id":0,"enabled":false},"version":2}},"categories":[1,2,7,3],"tags":[],"class_list":["post-8774","post","type-post","status-publish","format-standard","has-post-thumbnail","hentry","category-diario-armstrong","category-locales","category-politica","category-region"],"jetpack_publicize_connections":[],"jetpack_featured_media_url":"https:\/\/armstrongyregion.com.ar\/diario\/wp-content\/uploads\/2016\/07\/Lifchitz2.jpg","jetpack_shortlink":"https:\/\/wp.me\/p62QDO-2hw","jetpack_sharing_enabled":true,"amp_enabled":true,"_links":{"self":[{"href":"https:\/\/armstrongyregion.com.ar\/diario\/wp-json\/wp\/v2\/posts\/8774","targetHints":{"allow":["GET"]}}],"collection":[{"href":"https:\/\/armstrongyregion.com.ar\/diario\/wp-json\/wp\/v2\/posts"}],"about":[{"href":"https:\/\/armstrongyregion.com.ar\/diario\/wp-json\/wp\/v2\/types\/post"}],"author":[{"embeddable":true,"href":"https:\/\/armstrongyregion.com.ar\/diario\/wp-json\/wp\/v2\/users\/2"}],"replies":[{"embeddable":true,"href":"https:\/\/armstrongyregion.com.ar\/diario\/wp-json\/wp\/v2\/comments?post=8774"}],"version-history":[{"count":0,"href":"https:\/\/armstrongyregion.com.ar\/diario\/wp-json\/wp\/v2\/posts\/8774\/revisions"}],"wp:featuredmedia":[{"embeddable":true,"href":"https:\/\/armstrongyregion.com.ar\/diario\/wp-json\/wp\/v2\/media\/8775"}],"wp:attachment":[{"href":"https:\/\/armstrongyregion.com.ar\/diario\/wp-json\/wp\/v2\/media?parent=8774"}],"wp:term":[{"taxonomy":"category","embeddable":true,"href":"https:\/\/armstrongyregion.com.ar\/diario\/wp-json\/wp\/v2\/categories?post=8774"},{"taxonomy":"post_tag","embeddable":true,"href":"https:\/\/armstrongyregion.com.ar\/diario\/wp-json\/wp\/v2\/tags?post=8774"}],"curies":[{"name":"wp","href":"https:\/\/api.w.org\/{rel}","templated":true}]}}