{"id":8764,"date":"2016-07-19T12:40:29","date_gmt":"2016-07-19T12:40:29","guid":{"rendered":"https:\/\/armstrongyregion.com.ar\/diario\/?p=8764"},"modified":"2016-07-19T12:40:29","modified_gmt":"2016-07-19T12:40:29","slug":"deliberando-politica-taller-de-tramites-registrales-y-maraton-delfo-cabrera-2016","status":"publish","type":"post","link":"https:\/\/armstrongyregion.com.ar\/diario\/deliberando-politica-taller-de-tramites-registrales-y-maraton-delfo-cabrera-2016\/","title":{"rendered":"Deliberando: Pol\u00edtica, Taller de Tramites registrales y Marat\u00f3n Delfo Cabrera 2016."},"content":{"rendered":"<p><a href=\"http:\/\/armstrongyregion.com.ar\/diario\/wp-content\/uploads\/2016\/07\/DSC_0663.jpg\"><img loading=\"lazy\" decoding=\"async\" src=\"http:\/\/armstrongyregion.com.ar\/diario\/wp-content\/uploads\/2016\/07\/DSC_0663-1024x683.jpg\" alt=\"Emiliano-Gramigna-\" width=\"800\" height=\"534\" class=\"alignnone size-large wp-image-8765\" srcset=\"https:\/\/armstrongyregion.com.ar\/diario\/wp-content\/uploads\/2016\/07\/DSC_0663-1024x683.jpg 1024w, https:\/\/armstrongyregion.com.ar\/diario\/wp-content\/uploads\/2016\/07\/DSC_0663-300x200.jpg 300w\" sizes=\"auto, (max-width: 800px) 100vw, 800px\" \/><\/a>Este martes en Deliberando, se hablara de pol\u00edtica armstronenese de la mano del concejal  Emiliano Gramigna, del bloque Renovaci\u00f3n por Armstrong, quien nos informara sobre sus proyectos a diciembre 2016 y para el a\u00f1o electoral 2017.<br \/>\nLa coordinadora del Taller de Tramites Registrales, Carolina Sanchez del grupo San Cristobal para todos y Mariela Caceres nos contaran sobre los temas a tratar en dicho taller y la necesidad de actualizarse de cada gestor de tramites registrales del automotor.<br \/>\nFinalmente cerrara nuestro programa Diego Fontanesi, Director del MHM, dejando la invitaci\u00f3n abierta para participar de la marat\u00f3n Homenaje a Delfo Cabrera, a realizarse el d\u00eda 7 de agosto.<br \/>\nEste martes en DELIBERANDO 21hs. con la conducci\u00f3n de la licenciada Graciela de la Casa y Oscar Crispino.<\/p>\n","protected":false},"excerpt":{"rendered":"<p>Este martes en Deliberando, se hablara de pol\u00edtica armstronenese de la mano del concejal Emiliano Gramigna, del bloque Renovaci\u00f3n por Armstrong, quien nos informara sobre sus proyectos a diciembre 2016 y para el a\u00f1o electoral 2017. La coordinadora del Taller de Tramites Registrales, Carolina Sanchez del grupo San Cristobal para todos y Mariela Caceres nos <a href=\"https:\/\/armstrongyregion.com.ar\/diario\/deliberando-politica-taller-de-tramites-registrales-y-maraton-delfo-cabrera-2016\/\" title=\"Read more\" >&#8230;<\/a><\/p>\n","protected":false},"author":2,"featured_media":8765,"comment_status":"open","ping_status":"open","sticky":false,"template":"","format":"standard","meta":{"_jetpack_memberships_contains_paid_content":false,"footnotes":"","jetpack_publicize_message":"","jetpack_publicize_feature_enabled":true,"jetpack_social_post_already_shared":false,"jetpack_social_options":{"image_generator_settings":{"template":"highway","default_image_id":0,"enabled":false},"version":2}},"categories":[6,1,2,7,3],"tags":[1564,1563,44,1562,1491,129],"class_list":["post-8764","post","type-post","status-publish","format-standard","has-post-thumbnail","hentry","category-cultura-entretenimiento","category-diario-armstrong","category-locales","category-politica","category-region","tag-cabrera","tag-delfo","tag-deliberando-2","tag-maraton","tag-politica-2","tag-taller"],"jetpack_publicize_connections":[],"jetpack_featured_media_url":"https:\/\/armstrongyregion.com.ar\/diario\/wp-content\/uploads\/2016\/07\/DSC_0663.jpg","jetpack_shortlink":"https:\/\/wp.me\/p62QDO-2hm","jetpack_sharing_enabled":true,"amp_enabled":true,"_links":{"self":[{"href":"https:\/\/armstrongyregion.com.ar\/diario\/wp-json\/wp\/v2\/posts\/8764","targetHints":{"allow":["GET"]}}],"collection":[{"href":"https:\/\/armstrongyregion.com.ar\/diario\/wp-json\/wp\/v2\/posts"}],"about":[{"href":"https:\/\/armstrongyregion.com.ar\/diario\/wp-json\/wp\/v2\/types\/post"}],"author":[{"embeddable":true,"href":"https:\/\/armstrongyregion.com.ar\/diario\/wp-json\/wp\/v2\/users\/2"}],"replies":[{"embeddable":true,"href":"https:\/\/armstrongyregion.com.ar\/diario\/wp-json\/wp\/v2\/comments?post=8764"}],"version-history":[{"count":0,"href":"https:\/\/armstrongyregion.com.ar\/diario\/wp-json\/wp\/v2\/posts\/8764\/revisions"}],"wp:featuredmedia":[{"embeddable":true,"href":"https:\/\/armstrongyregion.com.ar\/diario\/wp-json\/wp\/v2\/media\/8765"}],"wp:attachment":[{"href":"https:\/\/armstrongyregion.com.ar\/diario\/wp-json\/wp\/v2\/media?parent=8764"}],"wp:term":[{"taxonomy":"category","embeddable":true,"href":"https:\/\/armstrongyregion.com.ar\/diario\/wp-json\/wp\/v2\/categories?post=8764"},{"taxonomy":"post_tag","embeddable":true,"href":"https:\/\/armstrongyregion.com.ar\/diario\/wp-json\/wp\/v2\/tags?post=8764"}],"curies":[{"name":"wp","href":"https:\/\/api.w.org\/{rel}","templated":true}]}}