{"id":8750,"date":"2016-07-18T21:01:13","date_gmt":"2016-07-18T21:01:13","guid":{"rendered":"https:\/\/armstrongyregion.com.ar\/diario\/?p=8750"},"modified":"2016-07-18T21:01:13","modified_gmt":"2016-07-18T21:01:13","slug":"mas-detalles-del-robo-a-la-empresa-garcia-olivero-en-armstrong","status":"publish","type":"post","link":"https:\/\/armstrongyregion.com.ar\/diario\/mas-detalles-del-robo-a-la-empresa-garcia-olivero-en-armstrong\/","title":{"rendered":"M\u00e1s detalles del robo a la empresa Garc\u00eda Olivero en Armstrong."},"content":{"rendered":"<p><a href=\"http:\/\/armstrongyregion.com.ar\/diario\/wp-content\/uploads\/2016\/07\/gARCIA-oLIVERO.jpg\"><img loading=\"lazy\" decoding=\"async\" src=\"http:\/\/armstrongyregion.com.ar\/diario\/wp-content\/uploads\/2016\/07\/gARCIA-oLIVERO.jpg\" alt=\"gARCIA-oLIVERO\" width=\"768\" height=\"430\" class=\"alignnone size-full wp-image-8751\" srcset=\"https:\/\/armstrongyregion.com.ar\/diario\/wp-content\/uploads\/2016\/07\/gARCIA-oLIVERO.jpg 768w, https:\/\/armstrongyregion.com.ar\/diario\/wp-content\/uploads\/2016\/07\/gARCIA-oLIVERO-300x168.jpg 300w\" sizes=\"auto, (max-width: 768px) 100vw, 768px\" \/><\/a>En una nota concedida a nuestro medio, la segunda jefa de la Comisar\u00eda III Maricel Pineda, confirm\u00f3 el hecho ocurrido presumiblemente el fin de semana, en el dep\u00f3sito que la firma tiene en calle Iraci al 900, en la zona norte. Donde los delincuentes ingresan al lugar, luego de violentar la reja de una ventana ubicada a m\u00e1s de 4 metros de altura en la parte sur del edificio, utilizando una cobertura pl\u00e1stica para no ser vistos, mientras trabajaban con un soplete. (Ver Foto).<br \/>\n<a href=\"http:\/\/armstrongyregion.com.ar\/diario\/wp-content\/uploads\/2016\/07\/gARCIA-oLIVERO-2.jpg\"><img loading=\"lazy\" decoding=\"async\" src=\"http:\/\/armstrongyregion.com.ar\/diario\/wp-content\/uploads\/2016\/07\/gARCIA-oLIVERO-2.jpg\" alt=\"gARCIA-oLIVERO-2\" width=\"960\" height=\"539\" class=\"alignnone size-full wp-image-8752\" srcset=\"https:\/\/armstrongyregion.com.ar\/diario\/wp-content\/uploads\/2016\/07\/gARCIA-oLIVERO-2.jpg 960w, https:\/\/armstrongyregion.com.ar\/diario\/wp-content\/uploads\/2016\/07\/gARCIA-oLIVERO-2-300x168.jpg 300w\" sizes=\"auto, (max-width: 960px) 100vw, 960px\" \/><\/a>Una vez adentro, bloquearon el sistema de alarmas y lograron cargar un cami\u00f3n que incluso estaba adentro del galp\u00f3n con la llave puesta, llev\u00e1ndose 80 TV LED 40 pulgadas, 140 tel\u00e9fonos celulares, y m\u00e1s de 100 tablets adem\u00e1s de otros elementos no especificados. Se habr\u00eda conocido que seg\u00fan la empresa de seguimiento satelital, el cami\u00f3n se puso en movimiento a las 5:40hs del domingo.<br \/>\nTambi\u00e9n se pudo establecer que el veh\u00edculo apareci\u00f3 sin la carga en la ciudad de C\u00f3rdoba, por consiguiente toda la investigaci\u00f3n se orienta hacia la capital mediterr\u00e1nea.<\/p>\n","protected":false},"excerpt":{"rendered":"<p>En una nota concedida a nuestro medio, la segunda jefa de la Comisar\u00eda III Maricel Pineda, confirm\u00f3 el hecho ocurrido presumiblemente el fin de semana, en el dep\u00f3sito que la firma tiene en calle Iraci al 900, en la zona norte. Donde los delincuentes ingresan al lugar, luego de violentar la reja de una ventana <a href=\"https:\/\/armstrongyregion.com.ar\/diario\/mas-detalles-del-robo-a-la-empresa-garcia-olivero-en-armstrong\/\" title=\"Read more\" >&#8230;<\/a><\/p>\n","protected":false},"author":2,"featured_media":8751,"comment_status":"open","ping_status":"open","sticky":false,"template":"","format":"standard","meta":{"_jetpack_memberships_contains_paid_content":false,"footnotes":"","jetpack_publicize_message":"","jetpack_publicize_feature_enabled":true,"jetpack_social_post_already_shared":false,"jetpack_social_options":{"image_generator_settings":{"template":"highway","default_image_id":0,"enabled":false},"version":2}},"categories":[1,2,2852,3],"tags":[33,20,2444,2090,15,3277,31,40,4196],"class_list":["post-8750","post","type-post","status-publish","format-standard","has-post-thumbnail","hentry","category-diario-armstrong","category-locales","category-policiales","category-region","tag-a","tag-armstrong","tag-detalles","tag-empresa","tag-en","tag-garcia","tag-la","tag-mas","tag-olivero"],"jetpack_publicize_connections":[],"jetpack_featured_media_url":"https:\/\/armstrongyregion.com.ar\/diario\/wp-content\/uploads\/2016\/07\/gARCIA-oLIVERO.jpg","jetpack_shortlink":"https:\/\/wp.me\/p62QDO-2h8","jetpack_sharing_enabled":true,"amp_enabled":true,"_links":{"self":[{"href":"https:\/\/armstrongyregion.com.ar\/diario\/wp-json\/wp\/v2\/posts\/8750","targetHints":{"allow":["GET"]}}],"collection":[{"href":"https:\/\/armstrongyregion.com.ar\/diario\/wp-json\/wp\/v2\/posts"}],"about":[{"href":"https:\/\/armstrongyregion.com.ar\/diario\/wp-json\/wp\/v2\/types\/post"}],"author":[{"embeddable":true,"href":"https:\/\/armstrongyregion.com.ar\/diario\/wp-json\/wp\/v2\/users\/2"}],"replies":[{"embeddable":true,"href":"https:\/\/armstrongyregion.com.ar\/diario\/wp-json\/wp\/v2\/comments?post=8750"}],"version-history":[{"count":0,"href":"https:\/\/armstrongyregion.com.ar\/diario\/wp-json\/wp\/v2\/posts\/8750\/revisions"}],"wp:featuredmedia":[{"embeddable":true,"href":"https:\/\/armstrongyregion.com.ar\/diario\/wp-json\/wp\/v2\/media\/8751"}],"wp:attachment":[{"href":"https:\/\/armstrongyregion.com.ar\/diario\/wp-json\/wp\/v2\/media?parent=8750"}],"wp:term":[{"taxonomy":"category","embeddable":true,"href":"https:\/\/armstrongyregion.com.ar\/diario\/wp-json\/wp\/v2\/categories?post=8750"},{"taxonomy":"post_tag","embeddable":true,"href":"https:\/\/armstrongyregion.com.ar\/diario\/wp-json\/wp\/v2\/tags?post=8750"}],"curies":[{"name":"wp","href":"https:\/\/api.w.org\/{rel}","templated":true}]}}