{"id":875,"date":"2015-02-16T19:18:50","date_gmt":"2015-02-16T19:18:50","guid":{"rendered":"https:\/\/armstrongyregion.com.ar\/diario\/?p=875"},"modified":"2015-02-16T19:18:50","modified_gmt":"2015-02-16T19:18:50","slug":"la-formula-mas-apoyada-414-listas-respaldan-la-candidatura-de-lifschitz-fascendini-en-santa-fe","status":"publish","type":"post","link":"https:\/\/armstrongyregion.com.ar\/diario\/la-formula-mas-apoyada-414-listas-respaldan-la-candidatura-de-lifschitz-fascendini-en-santa-fe\/","title":{"rendered":"La f\u00f3rmula m\u00e1s apoyada: 414 listas respaldan la candidatura de Lifschitz &#8211; Fascendini en Santa Fe"},"content":{"rendered":"<p><a href=\"http:\/\/armstrongyregion.com.ar\/diario\/wp-content\/uploads\/2015\/02\/lifschitz-fascendini2.jpg\"><img loading=\"lazy\" decoding=\"async\" class=\"alignnone size-medium wp-image-876\" src=\"http:\/\/armstrongyregion.com.ar\/diario\/wp-content\/uploads\/2015\/02\/lifschitz-fascendini2-300x195.jpg\" alt=\"lifschitz-fascendini2\" width=\"300\" height=\"195\" srcset=\"https:\/\/armstrongyregion.com.ar\/diario\/wp-content\/uploads\/2015\/02\/lifschitz-fascendini2-300x195.jpg 300w, https:\/\/armstrongyregion.com.ar\/diario\/wp-content\/uploads\/2015\/02\/lifschitz-fascendini2.jpg 615w\" sizes=\"auto, (max-width: 300px) 100vw, 300px\" \/><\/a>El precandidato a gobernador socialista Miguel Lifschitz, asegur\u00f3 este domingo sentirse muy orgulloso tras comprobar que la f\u00f3rmula que encabeza junto a Carlos Fascendini en Santa Fe es por mucha diferencia la que m\u00e1s apoyo recibi\u00f3 dentro del Frente Progresista C\u00edvico y Social (FPCyS).<br \/>\nDe acuerdo a lo que precis\u00f3 el ex intendente de Rosario este domingo desde la ciudad capital, la f\u00f3rmula liderada por \u00e9l y el actual ministro de la Producci\u00f3n, cosech\u00f3 el respaldo de 414 listas en toda la provincia, en tanto que el binomio frente al que competir\u00e1 logr\u00f3 el apoyo de 72.<br \/>\n\u00abSiempre dijimos que en esta f\u00f3rmula estaba representada la enorme mayor\u00eda del Frente Progresista de la provincia, y hoy queda comprobado. Hemos logrado un gran nivel de acuerdo en todo Santa Fe y compusimos un gran frente electoral y un gran equipo de gobierno\u00bb, desarroll\u00f3 Lifschitz.<br \/>\n\u00abPodemos confirmar que tenemos el armado m\u00e1s potente de toda la provincia, con candidatos a concejales, presidentes comunales, intendentes, diputados y senadores, que jerarquizan nuestro proyecto pol\u00edtico, y demuestran nuestra gran capacidad de acuerdo y nuestro compromiso con cada departamento y regi\u00f3n de Santa Fe\u00bb, enfatiz\u00f3.<br \/>\nEl dirigente socialista se\u00f1al\u00f3: \u00abLa gran convocatoria dentro de nuestra f\u00f3rmula se justifica con que a lo largo de estos 7 a\u00f1os de gesti\u00f3n en la provincia, demostramos que hay otra manera de hacer pol\u00edtica y otra manera de gobernar, garantizando derechos, respetando las instituciones y la independencia de la justicia, jerarquizando la calidad de la educaci\u00f3n y la salud p\u00fablica, con trabajo decente y jubilaciones dignas\u00bb. Y agreg\u00f3: \u00abLo nuestro es una propuesta electoral en serio. Y por eso obtenemos este fuerte respaldo. Porque nuestra alternativa est\u00e1 un paso adelante del resto, y miramos para adelante, pensando en un proyecto de futuro para Santa Fe\u00bb.<br \/>\nDe este modo, Lifschitz manifest\u00f3 sentirse muy confiado de cara a los comicios primarios y anticip\u00f3 que ser\u00e1n en un marco de \u00abcompleto respeto\u00bb. Adem\u00e1s, dijo: \u00abUna vez finalizada la interna, le vamos a extender una mano generosa a nuestros compa\u00f1eros para seguir trabajando juntos por el futuro de Santa Fe\u00bb.<br \/>\nPor otra parte, el precandidato a gobernador tambi\u00e9n hizo referencia a las elecciones generales, y destac\u00f3 que con seguridad resultar\u00e1n los ganadores, \u00abpor el gran armado territorial que se ha construido, que expresa lo mejor de la continuidad y lo mejor del cambio\u00bb. \u00abNosotros somos la continuidad de los gobiernos de Hermes y Antonio. Tomaremos de ellos lo mejor que han hecho, y vamos a cambiar lo que a\u00fan queda por corregir\u00bb, explic\u00f3.<br \/>\nLa f\u00f3rmula a la gobernaci\u00f3n de Miguel Lifschitz y Carlos Fascendini, es acompa\u00f1ada por la gran mayor\u00eda del Partido Socialista y la Uni\u00f3n C\u00edvica Radica; la totalidad de los partidos GEN, Pares. Libres del Sur, Pie y S\u00ed; y dirigentes de la Coalici\u00f3n C\u00edvica-Ari.<\/p>\n","protected":false},"excerpt":{"rendered":"<p>El precandidato a gobernador socialista Miguel Lifschitz, asegur\u00f3 este domingo sentirse muy orgulloso tras comprobar que la f\u00f3rmula que encabeza junto a Carlos Fascendini en Santa Fe es por mucha diferencia la que m\u00e1s apoyo recibi\u00f3 dentro del Frente Progresista C\u00edvico y Social (FPCyS). De acuerdo a lo que precis\u00f3 el ex intendente de Rosario <a href=\"https:\/\/armstrongyregion.com.ar\/diario\/la-formula-mas-apoyada-414-listas-respaldan-la-candidatura-de-lifschitz-fascendini-en-santa-fe\/\" title=\"Read more\" >&#8230;<\/a><\/p>\n","protected":false},"author":2,"featured_media":876,"comment_status":"open","ping_status":"open","sticky":false,"template":"","format":"standard","meta":{"_jetpack_memberships_contains_paid_content":false,"footnotes":"","jetpack_publicize_message":"","jetpack_publicize_feature_enabled":true,"jetpack_social_post_already_shared":false,"jetpack_social_options":{"image_generator_settings":{"template":"highway","default_image_id":0,"enabled":false},"version":2}},"categories":[1,7],"tags":[854,853,798,19,15,77,574,31,856,768,40,855,399],"class_list":["post-875","post","type-post","status-publish","format-standard","has-post-thumbnail","hentry","category-diario-armstrong","category-politica","tag-854","tag-apoyada-4","tag-candidatura","tag-de","tag-en","tag-fe","tag-formula","tag-la","tag-lifschitz-fascendini","tag-listas","tag-mas","tag-respaldan","tag-santa"],"jetpack_publicize_connections":[],"jetpack_featured_media_url":"https:\/\/armstrongyregion.com.ar\/diario\/wp-content\/uploads\/2015\/02\/lifschitz-fascendini2.jpg","jetpack_shortlink":"https:\/\/wp.me\/p62QDO-e7","jetpack_sharing_enabled":true,"amp_enabled":true,"_links":{"self":[{"href":"https:\/\/armstrongyregion.com.ar\/diario\/wp-json\/wp\/v2\/posts\/875","targetHints":{"allow":["GET"]}}],"collection":[{"href":"https:\/\/armstrongyregion.com.ar\/diario\/wp-json\/wp\/v2\/posts"}],"about":[{"href":"https:\/\/armstrongyregion.com.ar\/diario\/wp-json\/wp\/v2\/types\/post"}],"author":[{"embeddable":true,"href":"https:\/\/armstrongyregion.com.ar\/diario\/wp-json\/wp\/v2\/users\/2"}],"replies":[{"embeddable":true,"href":"https:\/\/armstrongyregion.com.ar\/diario\/wp-json\/wp\/v2\/comments?post=875"}],"version-history":[{"count":0,"href":"https:\/\/armstrongyregion.com.ar\/diario\/wp-json\/wp\/v2\/posts\/875\/revisions"}],"wp:featuredmedia":[{"embeddable":true,"href":"https:\/\/armstrongyregion.com.ar\/diario\/wp-json\/wp\/v2\/media\/876"}],"wp:attachment":[{"href":"https:\/\/armstrongyregion.com.ar\/diario\/wp-json\/wp\/v2\/media?parent=875"}],"wp:term":[{"taxonomy":"category","embeddable":true,"href":"https:\/\/armstrongyregion.com.ar\/diario\/wp-json\/wp\/v2\/categories?post=875"},{"taxonomy":"post_tag","embeddable":true,"href":"https:\/\/armstrongyregion.com.ar\/diario\/wp-json\/wp\/v2\/tags?post=875"}],"curies":[{"name":"wp","href":"https:\/\/api.w.org\/{rel}","templated":true}]}}