{"id":8733,"date":"2016-07-18T15:13:26","date_gmt":"2016-07-18T15:13:26","guid":{"rendered":"https:\/\/armstrongyregion.com.ar\/diario\/?p=8733"},"modified":"2016-07-18T15:13:26","modified_gmt":"2016-07-18T15:13:26","slug":"transportistas-de-paro-no-ingresan-camiones-a-los-puertos","status":"publish","type":"post","link":"https:\/\/armstrongyregion.com.ar\/diario\/transportistas-de-paro-no-ingresan-camiones-a-los-puertos\/","title":{"rendered":"Transportistas de paro: no ingresan camiones a los puertos."},"content":{"rendered":"<p><a href=\"http:\/\/armstrongyregion.com.ar\/diario\/wp-content\/uploads\/2016\/07\/camiones.jpg_1572130063.jpg\"><img loading=\"lazy\" decoding=\"async\" src=\"http:\/\/armstrongyregion.com.ar\/diario\/wp-content\/uploads\/2016\/07\/camiones.jpg_1572130063.jpg\" alt=\"camiones.jpg_1572130063\" width=\"768\" height=\"490\" class=\"alignnone size-full wp-image-8734\" srcset=\"https:\/\/armstrongyregion.com.ar\/diario\/wp-content\/uploads\/2016\/07\/camiones.jpg_1572130063.jpg 768w, https:\/\/armstrongyregion.com.ar\/diario\/wp-content\/uploads\/2016\/07\/camiones.jpg_1572130063-300x191.jpg 300w\" sizes=\"auto, (max-width: 768px) 100vw, 768px\" \/><\/a>La Confederaci\u00f3n Argentina del Transporte Automotor de Cargas (Catac) realiza una huelga desde este lunes y por tiempo indeterminado en reclamo del pago de una tarifa anual \u00fanica.<\/p>\n<p>Los empresarios reunidos en la Confederaci\u00f3n Argentina del Transporte Automotor de Cargas (Catac) inician, desde la hora cero de hoy, un paro por tiempo indeterminado en reclamo del pago de una tarifa anual \u00fanica obligatoria para el transporte de cereales, entre otros medidas, por lo que no ingresan camiones a los puertos exportadores.<\/p>\n<p>\u00abNo va a haber ning\u00fan cami\u00f3n que pueda entrar a los puertos, porque es la \u00fanica soluci\u00f3n para que se nos tenga en cuenta\u00bb, dijo el presidente de la Catac, Ram\u00f3n Jatip, en una conferencia de prensa.<\/p>\n<p>El paro se realiza en el momento en que se encuentran despachando los \u00faltimos lotes hacia los puertos, para su exportaci\u00f3n.<\/p>\n<p>La Catac y la Federaci\u00f3n de Transportadores Argentinos (Fetra) informaron a trav\u00e9s de un comunicado de prensa que reclaman el aumento de la Tarifa Nacional para los fletes de granos y afianzamiento del cobro de desv\u00edos y estad\u00edas.<\/p>\n<p>El traslado de cobro de tasas municipales y derecho a playas a quienes contratan el flete, y el rechazo del curso obligatorio de inicio anunciado por CNRT para los conductores de camiones.<\/p>\n<p>Adem\u00e1s, piden la implementaci\u00f3n de sistema de cupos numerados, un plan de renovaci\u00f3n de flotas acorde a las necesidades del sector, y subsidios en los peajes.<\/p>\n<p>Los transportistas tambi\u00e9n reclaman un aumento de la seguridad en las zonas portuarias \u00abcon presencia de fuerzas nacionales\u00bb e inversiones en infraestructura vial y accesos a puertos.<\/p>\n<p>Los empresarios del transporte asegurar que llegan a este paro porque \u00abporque las entidades del agro no reconocen ning\u00fan tipo de aumento, neg\u00e1ndose directamente a la negociaci\u00f3n\u00bb.<\/p>\n<p>Tambi\u00e9n aducen que \u00abla devaluaci\u00f3n del 60% de diciembre se reflej\u00f3 en todos los insumos\u00bb del sector y especifican que se han registrado un \u00abaumento mayor al 30% en el combustible; 30% en los neum\u00e1ticos y del 400% en los peajes\u00bb.<\/p>\n<p>Fuente: T\u00e9lam<\/p>\n","protected":false},"excerpt":{"rendered":"<p>La Confederaci\u00f3n Argentina del Transporte Automotor de Cargas (Catac) realiza una huelga desde este lunes y por tiempo indeterminado en reclamo del pago de una tarifa anual \u00fanica. Los empresarios reunidos en la Confederaci\u00f3n Argentina del Transporte Automotor de Cargas (Catac) inician, desde la hora cero de hoy, un paro por tiempo indeterminado en reclamo <a href=\"https:\/\/armstrongyregion.com.ar\/diario\/transportistas-de-paro-no-ingresan-camiones-a-los-puertos\/\" title=\"Read more\" >&#8230;<\/a><\/p>\n","protected":false},"author":2,"featured_media":8734,"comment_status":"open","ping_status":"open","sticky":false,"template":"","format":"standard","meta":{"_jetpack_memberships_contains_paid_content":false,"footnotes":"","jetpack_publicize_message":"","jetpack_publicize_feature_enabled":true,"jetpack_social_post_already_shared":false,"jetpack_social_options":{"image_generator_settings":{"template":"highway","default_image_id":0,"enabled":false},"version":2}},"categories":[1,2,3],"tags":[],"class_list":["post-8733","post","type-post","status-publish","format-standard","has-post-thumbnail","hentry","category-diario-armstrong","category-locales","category-region"],"jetpack_publicize_connections":[],"jetpack_featured_media_url":"https:\/\/armstrongyregion.com.ar\/diario\/wp-content\/uploads\/2016\/07\/camiones.jpg_1572130063.jpg","jetpack_shortlink":"https:\/\/wp.me\/p62QDO-2gR","jetpack_sharing_enabled":true,"amp_enabled":true,"_links":{"self":[{"href":"https:\/\/armstrongyregion.com.ar\/diario\/wp-json\/wp\/v2\/posts\/8733","targetHints":{"allow":["GET"]}}],"collection":[{"href":"https:\/\/armstrongyregion.com.ar\/diario\/wp-json\/wp\/v2\/posts"}],"about":[{"href":"https:\/\/armstrongyregion.com.ar\/diario\/wp-json\/wp\/v2\/types\/post"}],"author":[{"embeddable":true,"href":"https:\/\/armstrongyregion.com.ar\/diario\/wp-json\/wp\/v2\/users\/2"}],"replies":[{"embeddable":true,"href":"https:\/\/armstrongyregion.com.ar\/diario\/wp-json\/wp\/v2\/comments?post=8733"}],"version-history":[{"count":0,"href":"https:\/\/armstrongyregion.com.ar\/diario\/wp-json\/wp\/v2\/posts\/8733\/revisions"}],"wp:featuredmedia":[{"embeddable":true,"href":"https:\/\/armstrongyregion.com.ar\/diario\/wp-json\/wp\/v2\/media\/8734"}],"wp:attachment":[{"href":"https:\/\/armstrongyregion.com.ar\/diario\/wp-json\/wp\/v2\/media?parent=8733"}],"wp:term":[{"taxonomy":"category","embeddable":true,"href":"https:\/\/armstrongyregion.com.ar\/diario\/wp-json\/wp\/v2\/categories?post=8733"},{"taxonomy":"post_tag","embeddable":true,"href":"https:\/\/armstrongyregion.com.ar\/diario\/wp-json\/wp\/v2\/tags?post=8733"}],"curies":[{"name":"wp","href":"https:\/\/api.w.org\/{rel}","templated":true}]}}