{"id":8715,"date":"2016-07-17T21:54:08","date_gmt":"2016-07-17T21:54:08","guid":{"rendered":"https:\/\/armstrongyregion.com.ar\/diario\/?p=8715"},"modified":"2016-07-17T21:54:08","modified_gmt":"2016-07-17T21:54:08","slug":"confirmado-jorge-rojas-en-la-fiesta-pcial-del-asador-2016","status":"publish","type":"post","link":"https:\/\/armstrongyregion.com.ar\/diario\/confirmado-jorge-rojas-en-la-fiesta-pcial-del-asador-2016\/","title":{"rendered":"Confirmado: Jorge Rojas en la Fiesta Pcial del Asador 2016."},"content":{"rendered":"<p><a href=\"http:\/\/armstrongyregion.com.ar\/diario\/wp-content\/uploads\/2016\/07\/fiesta-asador-.jpg\"><img loading=\"lazy\" decoding=\"async\" src=\"http:\/\/armstrongyregion.com.ar\/diario\/wp-content\/uploads\/2016\/07\/fiesta-asador-.jpg\" alt=\"fiesta-asador-\" width=\"768\" height=\"548\" class=\"alignnone size-full wp-image-8716\" srcset=\"https:\/\/armstrongyregion.com.ar\/diario\/wp-content\/uploads\/2016\/07\/fiesta-asador-.jpg 768w, https:\/\/armstrongyregion.com.ar\/diario\/wp-content\/uploads\/2016\/07\/fiesta-asador--300x214.jpg 300w\" sizes=\"auto, (max-width: 768px) 100vw, 768px\" \/><\/a>La Comuna de Montes de Oca informa que la edici\u00f3n 2016 de la Fiesta Provincial del Asador ya<br \/>\ntiene fecha. Ser\u00e1 los pr\u00f3ximos d\u00edas 28 y 29 de Octubre de 2016 en el Campo de Deportes del<br \/>\nAtletic Club Montes de Oca. Como es habitual el cierre de la Fiesta ser\u00e1 con un n\u00famero art\u00edstico<br \/>\nde renombre y en este caso ser\u00e1 JORGE ROJAS el encargado de cerrar la celebraci\u00f3n desde el<br \/>\nescenario mayor. Sin lugar a dudas un artista de primer nivel para la fiesta gastron\u00f3mica m\u00e1s<br \/>\nimportante de la regi\u00f3n, que sumar\u00e1 este a\u00f1o una jornada m\u00e1s a su calendario. En la noche del<br \/>\nviernes 28 de octubre se realizar\u00e1 el Concurso de Comidas al Disco de Arado, donde el ganador<br \/>\nclasificar\u00e1 a la Fiesta Nacional de las Comidas al Disco de Arado en Yacanto (Pcia. de C\u00f3rdoba), ya<br \/>\nque Montes de Oca pasa a ser subsede de dicha fiesta a partir de este a\u00f1o. Con relaci\u00f3n a los<br \/>\nespect\u00e1culos musicales ser\u00e1 una Mega Noche de Cumbia Santafesina, con el show de diferentes<br \/>\ngrupos zonales para cerrar con las actuaciones estelares de Sergio Mor\u00e1n, Coty y Los Lirios.<br \/>\nEl s\u00e1bado por su parte, ser\u00e1 el turno del Tradicional Concurso de Costillares a la Estaca, donde los<br \/>\nganadores clasifican a la Fiesta Nacional del Asado con Cuero en Viale (Pcia. de Entre R\u00edos).<br \/>\nAdem\u00e1s estar\u00e1n presentes los campeones nacionales de las \u00faltimas 3 ediciones de dicha fiesta<br \/>\nasando 5 vaquillonas deshuesadas con parrillas muy novedosas que llamar\u00e1n mucho la atenci\u00f3n.<br \/>\nDurante la tarde de esta segunda jornada habr\u00e1 pe\u00f1a folkl\u00f3rica en el sector de asadores y a partir<br \/>\nde las 18 horas actuar\u00e1n en el escenario mayor diferentes ballets y artistas locales y regionales.<br \/>\nTambi\u00e9n actuar\u00e1n Ricardo Palavecino, el humor del Gringo De Boever, Los Campedrinos y Gustavo<br \/>\nRemesar (El carnicero del so\u00f1ando), ganador del So\u00f1ando por Cantar. Como broche de Oro<br \/>\nactuar\u00e1 Jorge Rojas con un show espectacular y una puesta en escena de primer nivel<br \/>\ninternacional, en el que har\u00e1 un repaso por su amplio y exitoso repertorio de canciones.<br \/>\nLas entradas anticipadas salen a la venta el 1 de Agosto de 2016 y se pueden adquirir a trav\u00e9s de<br \/>\nTicketek, tambi\u00e9n en los puntos de ventas de cada localidad y en la Comuna de Montes de Oca se<br \/>\npodr\u00e1n adquirir en 6 cuotas sin inter\u00e9s comprando con tarjeta Visa o Master del Banco Macro. El<br \/>\nprecio de las mismas es de $ 100,00 para el d\u00eda viernes 28 de octubre y $ 280,00 para el d\u00eda s\u00e1bado<br \/>\n29 de octubre en el caso de la entrada general, para el sector de plateas numeradas se debe<br \/>\nadicionar $ 120,00 al valor de la entrada general.<br \/>\nEs importante destacar que habr\u00e1 traslados desde toda la zona hasta Montes de Oca para que<br \/>\nnadie se pueda perder este gran evento que se aproxima.<br \/>\nHabr\u00e1 importante presencia de artesanos, adem\u00e1s de juegos infantiles y expositores durante las<br \/>\ndos jornadas.<br \/>\nInformes e inscripciones: Comuna de Montes de Oca: (03471) 495072 o 495474<br \/>\n Secretar\u00eda de Cultura: (03471) 15689288<br \/>\n Facebook: cultura montes de oca<\/p>\n","protected":false},"excerpt":{"rendered":"<p>La Comuna de Montes de Oca informa que la edici\u00f3n 2016 de la Fiesta Provincial del Asador ya tiene fecha. Ser\u00e1 los pr\u00f3ximos d\u00edas 28 y 29 de Octubre de 2016 en el Campo de Deportes del Atletic Club Montes de Oca. Como es habitual el cierre de la Fiesta ser\u00e1 con un n\u00famero art\u00edstico <a href=\"https:\/\/armstrongyregion.com.ar\/diario\/confirmado-jorge-rojas-en-la-fiesta-pcial-del-asador-2016\/\" title=\"Read more\" >&#8230;<\/a><\/p>\n","protected":false},"author":2,"featured_media":8716,"comment_status":"open","ping_status":"open","sticky":false,"template":"","format":"standard","meta":{"_jetpack_memberships_contains_paid_content":false,"footnotes":"","jetpack_publicize_message":"","jetpack_publicize_feature_enabled":true,"jetpack_social_post_already_shared":false,"jetpack_social_options":{"image_generator_settings":{"template":"highway","default_image_id":0,"enabled":false},"version":2}},"categories":[1,2,3],"tags":[2676,4190,53,15,620,807,3895,4052],"class_list":["post-8715","post","type-post","status-publish","format-standard","has-post-thumbnail","hentry","category-diario-armstrong","category-locales","category-region","tag-asador","tag-confirmado","tag-del","tag-en","tag-fiesta","tag-jorge","tag-pcia","tag-rojas"],"jetpack_publicize_connections":[],"jetpack_featured_media_url":"https:\/\/armstrongyregion.com.ar\/diario\/wp-content\/uploads\/2016\/07\/fiesta-asador-.jpg","jetpack_shortlink":"https:\/\/wp.me\/p62QDO-2gz","jetpack_sharing_enabled":true,"amp_enabled":true,"_links":{"self":[{"href":"https:\/\/armstrongyregion.com.ar\/diario\/wp-json\/wp\/v2\/posts\/8715","targetHints":{"allow":["GET"]}}],"collection":[{"href":"https:\/\/armstrongyregion.com.ar\/diario\/wp-json\/wp\/v2\/posts"}],"about":[{"href":"https:\/\/armstrongyregion.com.ar\/diario\/wp-json\/wp\/v2\/types\/post"}],"author":[{"embeddable":true,"href":"https:\/\/armstrongyregion.com.ar\/diario\/wp-json\/wp\/v2\/users\/2"}],"replies":[{"embeddable":true,"href":"https:\/\/armstrongyregion.com.ar\/diario\/wp-json\/wp\/v2\/comments?post=8715"}],"version-history":[{"count":0,"href":"https:\/\/armstrongyregion.com.ar\/diario\/wp-json\/wp\/v2\/posts\/8715\/revisions"}],"wp:featuredmedia":[{"embeddable":true,"href":"https:\/\/armstrongyregion.com.ar\/diario\/wp-json\/wp\/v2\/media\/8716"}],"wp:attachment":[{"href":"https:\/\/armstrongyregion.com.ar\/diario\/wp-json\/wp\/v2\/media?parent=8715"}],"wp:term":[{"taxonomy":"category","embeddable":true,"href":"https:\/\/armstrongyregion.com.ar\/diario\/wp-json\/wp\/v2\/categories?post=8715"},{"taxonomy":"post_tag","embeddable":true,"href":"https:\/\/armstrongyregion.com.ar\/diario\/wp-json\/wp\/v2\/tags?post=8715"}],"curies":[{"name":"wp","href":"https:\/\/api.w.org\/{rel}","templated":true}]}}