{"id":8703,"date":"2016-07-16T00:13:24","date_gmt":"2016-07-16T00:13:24","guid":{"rendered":"https:\/\/armstrongyregion.com.ar\/diario\/?p=8703"},"modified":"2016-07-16T00:13:24","modified_gmt":"2016-07-16T00:13:24","slug":"armstrong-feria-sabores-y-colores-locales-en-vacaciones","status":"publish","type":"post","link":"https:\/\/armstrongyregion.com.ar\/diario\/armstrong-feria-sabores-y-colores-locales-en-vacaciones\/","title":{"rendered":"Armstrong. Feria Sabores y Colores Locales en vacaciones."},"content":{"rendered":"<p><a href=\"http:\/\/armstrongyregion.com.ar\/diario\/wp-content\/uploads\/2016\/07\/FERIA-domingo-17.jpg\"><img loading=\"lazy\" decoding=\"async\" src=\"http:\/\/armstrongyregion.com.ar\/diario\/wp-content\/uploads\/2016\/07\/FERIA-domingo-17-1024x721.jpg\" alt=\"FERIA domingo 17\" width=\"800\" height=\"563\" class=\"alignnone size-large wp-image-8704\" srcset=\"https:\/\/armstrongyregion.com.ar\/diario\/wp-content\/uploads\/2016\/07\/FERIA-domingo-17-1024x721.jpg 1024w, https:\/\/armstrongyregion.com.ar\/diario\/wp-content\/uploads\/2016\/07\/FERIA-domingo-17-300x211.jpg 300w\" sizes=\"auto, (max-width: 800px) 100vw, 800px\" \/><\/a>La Municipalidad de Armstrong invita a visitar la feria Sabores y Colores Locales que, con motivo de las vacaciones de invierno, se va a realizar los domingos 17 y 24 de julio a partir de las 14 hs. en el complejo recreativo Bracito Fuerte.<br \/>\nEste paseo ya tradicional en nuestra ciudad ofrece la posibilidad a una gran cantidad de emprendedores locales de mostrar sus productos elaborados artesanalmente y tambi\u00e9n recibe a invitados de la regi\u00f3n.<br \/>\nAdem\u00e1s de los sorteos en los stands, el buffet y un amplio espacio para disfrutar con toda la familia, el domingo 17 ser\u00e1 una buena oportunidad para llegar al lugar y elegir originales obsequios con motivo del d\u00eda del amigo, que ya se acerca.<\/p>\n","protected":false},"excerpt":{"rendered":"<p>La Municipalidad de Armstrong invita a visitar la feria Sabores y Colores Locales que, con motivo de las vacaciones de invierno, se va a realizar los domingos 17 y 24 de julio a partir de las 14 hs. en el complejo recreativo Bracito Fuerte. Este paseo ya tradicional en nuestra ciudad ofrece la posibilidad a <a href=\"https:\/\/armstrongyregion.com.ar\/diario\/armstrong-feria-sabores-y-colores-locales-en-vacaciones\/\" title=\"Read more\" >&#8230;<\/a><\/p>\n","protected":false},"author":2,"featured_media":8704,"comment_status":"open","ping_status":"open","sticky":false,"template":"","format":"standard","meta":{"_jetpack_memberships_contains_paid_content":false,"footnotes":"","jetpack_publicize_message":"","jetpack_publicize_feature_enabled":true,"jetpack_social_post_already_shared":false,"jetpack_social_options":{"image_generator_settings":{"template":"highway","default_image_id":0,"enabled":false},"version":2}},"categories":[6,1,2],"tags":[20,1336,19,1725,2320,1335,13],"class_list":["post-8703","post","type-post","status-publish","format-standard","has-post-thumbnail","hentry","category-cultura-entretenimiento","category-diario-armstrong","category-locales","tag-armstrong","tag-colores","tag-de","tag-feria","tag-locales","tag-sabores","tag-y"],"jetpack_publicize_connections":[],"jetpack_featured_media_url":"https:\/\/armstrongyregion.com.ar\/diario\/wp-content\/uploads\/2016\/07\/FERIA-domingo-17.jpg","jetpack_shortlink":"https:\/\/wp.me\/p62QDO-2gn","jetpack_sharing_enabled":true,"amp_enabled":true,"_links":{"self":[{"href":"https:\/\/armstrongyregion.com.ar\/diario\/wp-json\/wp\/v2\/posts\/8703","targetHints":{"allow":["GET"]}}],"collection":[{"href":"https:\/\/armstrongyregion.com.ar\/diario\/wp-json\/wp\/v2\/posts"}],"about":[{"href":"https:\/\/armstrongyregion.com.ar\/diario\/wp-json\/wp\/v2\/types\/post"}],"author":[{"embeddable":true,"href":"https:\/\/armstrongyregion.com.ar\/diario\/wp-json\/wp\/v2\/users\/2"}],"replies":[{"embeddable":true,"href":"https:\/\/armstrongyregion.com.ar\/diario\/wp-json\/wp\/v2\/comments?post=8703"}],"version-history":[{"count":0,"href":"https:\/\/armstrongyregion.com.ar\/diario\/wp-json\/wp\/v2\/posts\/8703\/revisions"}],"wp:featuredmedia":[{"embeddable":true,"href":"https:\/\/armstrongyregion.com.ar\/diario\/wp-json\/wp\/v2\/media\/8704"}],"wp:attachment":[{"href":"https:\/\/armstrongyregion.com.ar\/diario\/wp-json\/wp\/v2\/media?parent=8703"}],"wp:term":[{"taxonomy":"category","embeddable":true,"href":"https:\/\/armstrongyregion.com.ar\/diario\/wp-json\/wp\/v2\/categories?post=8703"},{"taxonomy":"post_tag","embeddable":true,"href":"https:\/\/armstrongyregion.com.ar\/diario\/wp-json\/wp\/v2\/tags?post=8703"}],"curies":[{"name":"wp","href":"https:\/\/api.w.org\/{rel}","templated":true}]}}