{"id":8694,"date":"2016-07-15T13:04:16","date_gmt":"2016-07-15T13:04:16","guid":{"rendered":"https:\/\/armstrongyregion.com.ar\/diario\/?p=8694"},"modified":"2016-07-15T13:04:16","modified_gmt":"2016-07-15T13:04:16","slug":"canada-de-gomez-marcha-contra-el-tarifazo","status":"publish","type":"post","link":"https:\/\/armstrongyregion.com.ar\/diario\/canada-de-gomez-marcha-contra-el-tarifazo\/","title":{"rendered":"Ca\u00f1ada de G\u00f3mez. Marcha contra el tarifazo."},"content":{"rendered":"<p><a href=\"http:\/\/armstrongyregion.com.ar\/diario\/wp-content\/uploads\/2016\/07\/tarifazo-.jpg\"><img loading=\"lazy\" decoding=\"async\" src=\"http:\/\/armstrongyregion.com.ar\/diario\/wp-content\/uploads\/2016\/07\/tarifazo-.jpg\" alt=\"tarifazo-\" width=\"960\" height=\"540\" class=\"alignnone size-full wp-image-8695\" srcset=\"https:\/\/armstrongyregion.com.ar\/diario\/wp-content\/uploads\/2016\/07\/tarifazo-.jpg 960w, https:\/\/armstrongyregion.com.ar\/diario\/wp-content\/uploads\/2016\/07\/tarifazo--300x169.jpg 300w\" sizes=\"auto, (max-width: 960px) 100vw, 960px\" \/><\/a>En nuestra ciudad tambi\u00e9n manifestaron en contra los enormes aumentos en los servicios p\u00fablicos.<br \/>\nEl p\u00fablico, que hab\u00eda sido convocado por el Frente Ciudadano de Ca\u00f1ada de G\u00f3mez a trav\u00e9s de las redes sociales, se congreg\u00f3 en Plaza de Colectividades haciendo sonar su descontento, para luego marchar por calles c\u00e9ntricas.<\/p>\n<p>Fue el bautismo de fuego para la agrupaci\u00f3n ca\u00f1adense conformada en los \u00faltimos meses, en este llamado a la protesta contra el tarifazo impuesto por el gobierno.<br \/>\nFuente: Otro D\u00eda.Com<\/p>\n","protected":false},"excerpt":{"rendered":"<p>En nuestra ciudad tambi\u00e9n manifestaron en contra los enormes aumentos en los servicios p\u00fablicos. El p\u00fablico, que hab\u00eda sido convocado por el Frente Ciudadano de Ca\u00f1ada de G\u00f3mez a trav\u00e9s de las redes sociales, se congreg\u00f3 en Plaza de Colectividades haciendo sonar su descontento, para luego marchar por calles c\u00e9ntricas. Fue el bautismo de fuego <a href=\"https:\/\/armstrongyregion.com.ar\/diario\/canada-de-gomez-marcha-contra-el-tarifazo\/\" title=\"Read more\" >&#8230;<\/a><\/p>\n","protected":false},"author":2,"featured_media":8695,"comment_status":"open","ping_status":"open","sticky":false,"template":"","format":"standard","meta":{"_jetpack_memberships_contains_paid_content":false,"footnotes":"","jetpack_publicize_message":"","jetpack_publicize_feature_enabled":true,"jetpack_social_post_already_shared":false,"jetpack_social_options":{"image_generator_settings":{"template":"highway","default_image_id":0,"enabled":false},"version":2}},"categories":[1,3],"tags":[1161,16,276,4114],"class_list":["post-8694","post","type-post","status-publish","format-standard","has-post-thumbnail","hentry","category-diario-armstrong","category-region","tag-contra","tag-el","tag-marcha","tag-tarifazo"],"jetpack_publicize_connections":[],"jetpack_featured_media_url":"https:\/\/armstrongyregion.com.ar\/diario\/wp-content\/uploads\/2016\/07\/tarifazo-.jpg","jetpack_shortlink":"https:\/\/wp.me\/p62QDO-2ge","jetpack_sharing_enabled":true,"amp_enabled":true,"_links":{"self":[{"href":"https:\/\/armstrongyregion.com.ar\/diario\/wp-json\/wp\/v2\/posts\/8694","targetHints":{"allow":["GET"]}}],"collection":[{"href":"https:\/\/armstrongyregion.com.ar\/diario\/wp-json\/wp\/v2\/posts"}],"about":[{"href":"https:\/\/armstrongyregion.com.ar\/diario\/wp-json\/wp\/v2\/types\/post"}],"author":[{"embeddable":true,"href":"https:\/\/armstrongyregion.com.ar\/diario\/wp-json\/wp\/v2\/users\/2"}],"replies":[{"embeddable":true,"href":"https:\/\/armstrongyregion.com.ar\/diario\/wp-json\/wp\/v2\/comments?post=8694"}],"version-history":[{"count":0,"href":"https:\/\/armstrongyregion.com.ar\/diario\/wp-json\/wp\/v2\/posts\/8694\/revisions"}],"wp:featuredmedia":[{"embeddable":true,"href":"https:\/\/armstrongyregion.com.ar\/diario\/wp-json\/wp\/v2\/media\/8695"}],"wp:attachment":[{"href":"https:\/\/armstrongyregion.com.ar\/diario\/wp-json\/wp\/v2\/media?parent=8694"}],"wp:term":[{"taxonomy":"category","embeddable":true,"href":"https:\/\/armstrongyregion.com.ar\/diario\/wp-json\/wp\/v2\/categories?post=8694"},{"taxonomy":"post_tag","embeddable":true,"href":"https:\/\/armstrongyregion.com.ar\/diario\/wp-json\/wp\/v2\/tags?post=8694"}],"curies":[{"name":"wp","href":"https:\/\/api.w.org\/{rel}","templated":true}]}}