{"id":8688,"date":"2016-07-15T01:57:25","date_gmt":"2016-07-15T01:57:25","guid":{"rendered":"https:\/\/armstrongyregion.com.ar\/diario\/?p=8688"},"modified":"2016-07-15T02:04:22","modified_gmt":"2016-07-15T02:04:22","slug":"rosario-se-sumo-al-ruidazo-contra-el-tarifazo","status":"publish","type":"post","link":"https:\/\/armstrongyregion.com.ar\/diario\/rosario-se-sumo-al-ruidazo-contra-el-tarifazo\/","title":{"rendered":"Rosario se sum\u00f3 al \u201cruidazo\u201d contra el tarifazo."},"content":{"rendered":"<p><a href=\"http:\/\/armstrongyregion.com.ar\/diario\/wp-content\/uploads\/2016\/07\/ruidazotarifazo7.jpg_1305449671.jpg\"><img loading=\"lazy\" decoding=\"async\" src=\"http:\/\/armstrongyregion.com.ar\/diario\/wp-content\/uploads\/2016\/07\/ruidazotarifazo7.jpg_1305449671.jpg\" alt=\"ruidazotarifazo7.jpg_1305449671\" width=\"847\" height=\"476\" class=\"alignnone size-full wp-image-8689\" srcset=\"https:\/\/armstrongyregion.com.ar\/diario\/wp-content\/uploads\/2016\/07\/ruidazotarifazo7.jpg_1305449671.jpg 847w, https:\/\/armstrongyregion.com.ar\/diario\/wp-content\/uploads\/2016\/07\/ruidazotarifazo7.jpg_1305449671-300x169.jpg 300w\" sizes=\"auto, (max-width: 847px) 100vw, 847px\" \/><\/a>En rechazo a los aumentos de luz y gas, se realizaron protestas en diferentes puntos de la ciudad. La principal manifestaci\u00f3n se concentr\u00f3 en Mitre y San Lorenzo. Tambi\u00e9n hubo reclamos en distintas ciudades del pa\u00eds<\/p>\n<p>Alta participaci\u00f3n y mucho ruido. Se realizaron este jueves en Rosario y distintas ciudades del pa\u00eds masivas protestas en contra del tarifazo en las facturas de luz y gas. En la ciudad, una multitud se reuni\u00f3 desde las 19.30 en Mitre y San Lorenzo \u2013en la esquina funciona Litoral Gas\u2013, aunque hubo otros puntos con manifestaciones.<\/p>\n<p>La Multisectorial contra los Tarifazos comenz\u00f3 a concentrarse cerca de las 18.30 en la peatonal C\u00f3rdoba esquina Mitre. All\u00ed ya se juntaron firmas en una planilla que ser\u00e1 remitida a la Corte Suprema de Justicia de la Naci\u00f3n para exigir que se d\u00e9 marcha atr\u00e1s con los abruptos aumentos en los servicios b\u00e1sicos.<\/p>\n<p>\u201cCuando ve los carteles, la gente se vuelca a la mesa a firmar y tambi\u00e9n a consultar\u201d, le dijo al m\u00f3vil de Radio 2 una referente del Centro Uni\u00f3n Almaceneros desde el lugar.<\/p>\n<p>Su rubro es uno de los m\u00e1s afectados por las subas tarifarias. \u201cO pagamos la luz y el gas o compramos mercader\u00eda\u201d, grafic\u00f3.<\/p>\n<p>Otros puntos de protesta en Rosario fueron en Alberdi y G\u00e9nova, San Mart\u00edn y Tupungatro, y Mendoza y Avellaneda.<\/p>\n<p>Protesta en Echesortu<\/p>\n<p>En Menzoda y Avellaneda, mayormente jubilados y comerciantes se sumaron al ruidazo con cacerolas y carteles contra la suba de tarifas.<\/p>\n<p>Los manifestantes expresaron su malestar en di\u00e1logo con el programa Telenoche (El Tres):<\/p>\n<p><iframe loading=\"lazy\" width=\"800\" height=\"600\" src=\"https:\/\/www.youtube.com\/embed\/OIX5ilDAHlE?feature=oembed\" frameborder=\"0\" allowfullscreen><\/iframe><\/p>\n<p>Repercusiones<\/p>\n<p>\u201cLos aumentos se dieron en un marco de ilegalidad que tuvieron como consecuencia m\u00e1s de 120 presentaciones judiciales a lo largo y ancho del pa\u00eds\u201d, llam\u00f3 la atenci\u00f3n la diputada provincial Silvia Augsburger.<\/p>\n<p>\u201cEsta convocatoria es para que las autoridades y quienes tienen en sus manos decidir, tengan en cuenta el impacto que estas subas desmedidas est\u00e1n teniendo para todos y todas\u201d, explic\u00f3 la diputada.<\/p>\n<p>\u201cEs un acto de un pueblo que se siente cansado de no ser escuchado\u201d, dijo Juan Milito del Centro Uni\u00f3n Almaceneros, una de las organizaciones que confluye en la Multisectorial contra el tarifazo de Rosario.<\/p>\n<p>Juan Jos\u00e9 Sisca, de Apyme, se\u00f1al\u00f3 que espera \u201cque la Corte Suprema haga justicia y retrotraiga las tarifas a los valores anteriores\u201d, en medio de una ruidosa protesta con cacerolas y cornetas.<br \/>\nRosario3.Com<\/p>\n","protected":false},"excerpt":{"rendered":"<p>En rechazo a los aumentos de luz y gas, se realizaron protestas en diferentes puntos de la ciudad. La principal manifestaci\u00f3n se concentr\u00f3 en Mitre y San Lorenzo. Tambi\u00e9n hubo reclamos en distintas ciudades del pa\u00eds Alta participaci\u00f3n y mucho ruido. Se realizaron este jueves en Rosario y distintas ciudades del pa\u00eds masivas protestas en <a href=\"https:\/\/armstrongyregion.com.ar\/diario\/rosario-se-sumo-al-ruidazo-contra-el-tarifazo\/\" title=\"Read more\" >&#8230;<\/a><\/p>\n","protected":false},"author":2,"featured_media":8689,"comment_status":"open","ping_status":"open","sticky":false,"template":"","format":"standard","meta":{"_jetpack_memberships_contains_paid_content":false,"footnotes":"","jetpack_publicize_message":"","jetpack_publicize_feature_enabled":true,"jetpack_social_post_already_shared":false,"jetpack_social_options":{"image_generator_settings":{"template":"highway","default_image_id":0,"enabled":false},"version":2}},"categories":[1,7,3],"tags":[179,1161,16,784,4187,86,4021,4114],"class_list":["post-8688","post","type-post","status-publish","format-standard","has-post-thumbnail","hentry","category-diario-armstrong","category-politica","category-region","tag-al","tag-contra","tag-el","tag-rosario","tag-ruidazo","tag-se","tag-sumo","tag-tarifazo"],"jetpack_publicize_connections":[],"jetpack_featured_media_url":"https:\/\/armstrongyregion.com.ar\/diario\/wp-content\/uploads\/2016\/07\/ruidazotarifazo7.jpg_1305449671.jpg","jetpack_shortlink":"https:\/\/wp.me\/p62QDO-2g8","jetpack_sharing_enabled":true,"amp_enabled":true,"_links":{"self":[{"href":"https:\/\/armstrongyregion.com.ar\/diario\/wp-json\/wp\/v2\/posts\/8688","targetHints":{"allow":["GET"]}}],"collection":[{"href":"https:\/\/armstrongyregion.com.ar\/diario\/wp-json\/wp\/v2\/posts"}],"about":[{"href":"https:\/\/armstrongyregion.com.ar\/diario\/wp-json\/wp\/v2\/types\/post"}],"author":[{"embeddable":true,"href":"https:\/\/armstrongyregion.com.ar\/diario\/wp-json\/wp\/v2\/users\/2"}],"replies":[{"embeddable":true,"href":"https:\/\/armstrongyregion.com.ar\/diario\/wp-json\/wp\/v2\/comments?post=8688"}],"version-history":[{"count":0,"href":"https:\/\/armstrongyregion.com.ar\/diario\/wp-json\/wp\/v2\/posts\/8688\/revisions"}],"wp:featuredmedia":[{"embeddable":true,"href":"https:\/\/armstrongyregion.com.ar\/diario\/wp-json\/wp\/v2\/media\/8689"}],"wp:attachment":[{"href":"https:\/\/armstrongyregion.com.ar\/diario\/wp-json\/wp\/v2\/media?parent=8688"}],"wp:term":[{"taxonomy":"category","embeddable":true,"href":"https:\/\/armstrongyregion.com.ar\/diario\/wp-json\/wp\/v2\/categories?post=8688"},{"taxonomy":"post_tag","embeddable":true,"href":"https:\/\/armstrongyregion.com.ar\/diario\/wp-json\/wp\/v2\/tags?post=8688"}],"curies":[{"name":"wp","href":"https:\/\/api.w.org\/{rel}","templated":true}]}}