{"id":8682,"date":"2016-07-15T01:33:32","date_gmt":"2016-07-15T01:33:32","guid":{"rendered":"https:\/\/armstrongyregion.com.ar\/diario\/?p=8682"},"modified":"2016-07-15T01:33:32","modified_gmt":"2016-07-15T01:33:32","slug":"bloque-del-frente-justicialista-para-la-victoria-canada-de-gomez","status":"publish","type":"post","link":"https:\/\/armstrongyregion.com.ar\/diario\/bloque-del-frente-justicialista-para-la-victoria-canada-de-gomez\/","title":{"rendered":"Bloque del Frente Justicialista para la Victoria. Ca\u00f1ada de G\u00f3mez."},"content":{"rendered":"<p><a href=\"http:\/\/armstrongyregion.com.ar\/diario\/wp-content\/uploads\/2016\/07\/concejales-FPV.jpg\"><img loading=\"lazy\" decoding=\"async\" src=\"http:\/\/armstrongyregion.com.ar\/diario\/wp-content\/uploads\/2016\/07\/concejales-FPV.jpg\" alt=\"concejales-FPV\" width=\"768\" height=\"512\" class=\"alignnone size-full wp-image-8683\" srcset=\"https:\/\/armstrongyregion.com.ar\/diario\/wp-content\/uploads\/2016\/07\/concejales-FPV.jpg 768w, https:\/\/armstrongyregion.com.ar\/diario\/wp-content\/uploads\/2016\/07\/concejales-FPV-300x200.jpg 300w\" sizes=\"auto, (max-width: 768px) 100vw, 768px\" \/><\/a>\u00a8RECHAZO TOTAL A LOS TARIFAZOS\u00a8<br \/>\nLos concejales del Frente Justicialista para la Victoria del Concejo Municipal de la ciudad de Ca\u00f1ada de G\u00f3mez manifiesta su rechazo total a los tarifazos dispuestos por el Gobierno Nacional, y que afectaron el precio del gas natural, como as\u00ed tambi\u00e9n de la electricidad por parte de la Empresa Provincia de la Energ\u00eda y del agua potable y cloacas por parte de Aguas Santafesinas SA, con porcentajes exorbitantes que afectaron a los bolsillos de miles de hogares y de peque\u00f1os y medianas empresas ca\u00f1adenses, santafesinas y argentinas, que hoy ven peligrar su existencia. Este tipo de medidas han producido un evidente deterioro del ingreso de las familias, conculcando los derechos fundamentales al acceso a un m\u00ednimo y humano nivel de vida para todos los habitantes.<br \/>\nEn tal sentido, desde el bloque de concejales del Frente Justicialista para la Victoria, apoyamos las gestiones hechas por la Intendente Municipal Dra. Stella Cl\u00e9rici, quien present\u00f3 ante la Delegaci\u00f3n Rosario de la Defensor\u00eda del Pueblo de la Naci\u00f3n, un reclamo ante el ombudsman para generar un recurso de amparo que frene los incrementos en las facturas de gas natural. Sostenemos que la misma se fundamenta en la no realizaci\u00f3n de la audiencia p\u00fablica correspondiente al aumento de todo servicio p\u00fablico, como as\u00ed tambi\u00e9n en la falta de pol\u00edticas en defensa del consumidor y las fuentes de trabajo, que tenga en cuenta el nivel de vida y el trabajo de los argentinos.<br \/>\nEn concordancia con ello, desde la bancada del Frente Justicialista para la Victoria hemos reclamado incesantemente ante las autoridades nacionales y provinciales, por medio de distintas resoluciones, que cesen estas pol\u00edticas de ajuste y tarifazos, como as\u00ed tambi\u00e9n la actitud de apoyar aumentos tarifarios y simult\u00e1neamente asistir a los afectados con dadivas, en contradicci\u00f3n flagrante y enga\u00f1ando al pueblo trabajador.<br \/>\nLos ciudadanos hoy vemos como en pocos meses, estamos asistiendo a un creciente deterioro de la calidad de vida de los hogares y los trabajadores, y el avance de los grupos privilegiados del pa\u00eds sobre los derechos fundamentales de los consumidores, consagrados en la Constituci\u00f3n Nacional y las leyes vigentes, a partir de las medidas impopulares que viene implementando el Gobierno Nacional que asumi\u00f3 el pasado 10 de diciembre de 2015. Ante un pretendido sinceramiento, se ha entregado la econom\u00eda en manos de gerentes y CEOs de monopolios concentrados, que han puesto a la poblaci\u00f3n como variable de ajuste. Hoy asistimos a una creciente p\u00e9rdida del poder adquisitivo del salario de los trabajadores, a la reaparici\u00f3n del flagelo de la desocupaci\u00f3n, al cierre masivo de fuentes de trabajo, vemos que los comercios cierran sus puertas, las industrias ven peligrar su existencia ante la apertura indiscriminada de la importaci\u00f3n, a lo que se suman las impopulares medidas tomadas por el Gobierno Nacional, que dispuso los exorbitantes costos de los servicios p\u00fablicos como el gas, la electricidad, el agua, como as\u00ed tambi\u00e9n las pol\u00edticas que llevaron al aumento del \u00edndice de inflaci\u00f3n y la creciente presi\u00f3n impositiva.<br \/>\nPor eso desde esta bancada de concejales, reclamamos ante las autoridades nacionales, la vuelta atr\u00e1s de las tarifazos dispuestos, promoviendo la puesta en marcha de todos los mecanismos institucionales y legales pertinentes para frenar estos atropellos que hoy est\u00e1n haciendo estragos en los bolsillos y el nivel de vida de los hogares y los trabajadores ca\u00f1adenses, en defensa de las fuentes laborales, y de la dignidad y el nivel de vida de los hogares argentinos.<br \/>\nCa\u00f1ada de G\u00f3mez, 14 de julio de 2016.<br \/>\nCONCEJALES DEL FRENTE JUSTICIALISTA PARA LA VICTORIA<br \/>\nCarina Mozzoni  &#8211; Diego Diaz Patr\u00f3n &#8211;  Marcelo Casalegno &#8211; Cristian Guzmarol<\/p>\n","protected":false},"excerpt":{"rendered":"<p>\u00a8RECHAZO TOTAL A LOS TARIFAZOS\u00a8 Los concejales del Frente Justicialista para la Victoria del Concejo Municipal de la ciudad de Ca\u00f1ada de G\u00f3mez manifiesta su rechazo total a los tarifazos dispuestos por el Gobierno Nacional, y que afectaron el precio del gas natural, como as\u00ed tambi\u00e9n de la electricidad por parte de la Empresa Provincia <a href=\"https:\/\/armstrongyregion.com.ar\/diario\/bloque-del-frente-justicialista-para-la-victoria-canada-de-gomez\/\" title=\"Read more\" >&#8230;<\/a><\/p>\n","protected":false},"author":2,"featured_media":8683,"comment_status":"open","ping_status":"open","sticky":false,"template":"","format":"standard","meta":{"_jetpack_memberships_contains_paid_content":false,"footnotes":"","jetpack_publicize_message":"","jetpack_publicize_feature_enabled":true,"jetpack_social_post_already_shared":false,"jetpack_social_options":{"image_generator_settings":{"template":"highway","default_image_id":0,"enabled":false},"version":2}},"categories":[1,7,3],"tags":[1830,53,257,886,31,81,887],"class_list":["post-8682","post","type-post","status-publish","format-standard","has-post-thumbnail","hentry","category-diario-armstrong","category-politica","category-region","tag-bloque","tag-del","tag-frente","tag-justicialista","tag-la","tag-para","tag-victoria"],"jetpack_publicize_connections":[],"jetpack_featured_media_url":"https:\/\/armstrongyregion.com.ar\/diario\/wp-content\/uploads\/2016\/07\/concejales-FPV.jpg","jetpack_shortlink":"https:\/\/wp.me\/p62QDO-2g2","jetpack_sharing_enabled":true,"amp_enabled":true,"_links":{"self":[{"href":"https:\/\/armstrongyregion.com.ar\/diario\/wp-json\/wp\/v2\/posts\/8682","targetHints":{"allow":["GET"]}}],"collection":[{"href":"https:\/\/armstrongyregion.com.ar\/diario\/wp-json\/wp\/v2\/posts"}],"about":[{"href":"https:\/\/armstrongyregion.com.ar\/diario\/wp-json\/wp\/v2\/types\/post"}],"author":[{"embeddable":true,"href":"https:\/\/armstrongyregion.com.ar\/diario\/wp-json\/wp\/v2\/users\/2"}],"replies":[{"embeddable":true,"href":"https:\/\/armstrongyregion.com.ar\/diario\/wp-json\/wp\/v2\/comments?post=8682"}],"version-history":[{"count":0,"href":"https:\/\/armstrongyregion.com.ar\/diario\/wp-json\/wp\/v2\/posts\/8682\/revisions"}],"wp:featuredmedia":[{"embeddable":true,"href":"https:\/\/armstrongyregion.com.ar\/diario\/wp-json\/wp\/v2\/media\/8683"}],"wp:attachment":[{"href":"https:\/\/armstrongyregion.com.ar\/diario\/wp-json\/wp\/v2\/media?parent=8682"}],"wp:term":[{"taxonomy":"category","embeddable":true,"href":"https:\/\/armstrongyregion.com.ar\/diario\/wp-json\/wp\/v2\/categories?post=8682"},{"taxonomy":"post_tag","embeddable":true,"href":"https:\/\/armstrongyregion.com.ar\/diario\/wp-json\/wp\/v2\/tags?post=8682"}],"curies":[{"name":"wp","href":"https:\/\/api.w.org\/{rel}","templated":true}]}}