{"id":865,"date":"2015-02-15T16:23:11","date_gmt":"2015-02-15T16:23:11","guid":{"rendered":"https:\/\/armstrongyregion.com.ar\/diario\/?p=865"},"modified":"2015-02-15T16:23:11","modified_gmt":"2015-02-15T16:23:11","slug":"las-rosas-elecciones-2015-habra-6-candidatos-a-intendente-y-7-listas-para-concejales","status":"publish","type":"post","link":"https:\/\/armstrongyregion.com.ar\/diario\/las-rosas-elecciones-2015-habra-6-candidatos-a-intendente-y-7-listas-para-concejales\/","title":{"rendered":"Las Rosas. Elecciones 2015: habr\u00e1 6 candidatos a Intendente y 7 listas para concejales."},"content":{"rendered":"<p><a href=\"http:\/\/armstrongyregion.com.ar\/diario\/wp-content\/uploads\/2015\/02\/0726-pot1401-telam.jpg_2069580699.jpg\"><img loading=\"lazy\" decoding=\"async\" class=\"alignnone size-medium wp-image-866\" src=\"http:\/\/armstrongyregion.com.ar\/diario\/wp-content\/uploads\/2015\/02\/0726-pot1401-telam.jpg_2069580699-300x199.jpg\" alt=\"elecciones las rosas.\" width=\"300\" height=\"199\" srcset=\"https:\/\/armstrongyregion.com.ar\/diario\/wp-content\/uploads\/2015\/02\/0726-pot1401-telam.jpg_2069580699-300x199.jpg 300w, https:\/\/armstrongyregion.com.ar\/diario\/wp-content\/uploads\/2015\/02\/0726-pot1401-telam.jpg_2069580699.jpg 761w\" sizes=\"auto, (max-width: 300px) 100vw, 300px\" \/><\/a>De no mediar sorpresas cuando el Tribunal Electoral reciba las listas el lunes 16 de febrero, ya se conocen en Las Rosas los candidatos para estas elecciones provinciales del 26 de abril (PASO) y 14 de junio (Generales). Solo habr\u00e1 competencia electoral en el espacio del Frente Justicialista por la Victoria, donde se presentan 4 opciones.<\/p>\n<p>Las listas<br \/>\nUNIDAD PRO ROSENSE<br \/>\nIntendente: Javier MEYER<br \/>\nConcejales Titulares: Cristina Millet &#8211; N\u00e9stor Aquino &#8211; Jorge S\u00e1nchez<br \/>\nSuplentes: Marith\u00e9 Hern\u00e1ndez &#8211; Diego Buffarini &#8211; Carla Pandasis<\/p>\n<p>Senador titular: Fernando Fischer \/ Suplente: Jorge Balbi<\/p>\n<p>FRENTE PROGRESISTA, C\u00cdVICO Y SOCIAL<br \/>\nIntendente: Mario RAMOS<br \/>\nConcejales: Alejandro Marentes, Susana Carletti y Dar\u00edo Jord\u00e1n<br \/>\nSuplentes: Ariel Biei, Florencia Invernizzi y Mar\u00eda Laura Cedratti<\/p>\n<p>FRENTE JUSTICIALISTA PARA LA VICTORIA<br \/>\n**) Intendente: Ernesto MANSILLA<br \/>\nConcejales Titulares: Hugo Javier Mujica, Jorge Duarte y Carmen de Yedro<br \/>\nSuplentes: J. Mammarella, Marcelo Godoy y Miryam Posadas.<\/p>\n<p>Senador: Claudio Paoli<\/p>\n<p>**) Intendente: Pedro DE A\u00d1AIS<br \/>\nConcejales Titulares: Roberto Piatti, Daniel Amici y Sonia Carrizo<br \/>\nSuplentes: Federico Gonz\u00e1lez, M. Isabel L\u00f3pez Caccipoli y Cristina Baez Puntunet<\/p>\n<p>Senador: Alberto Crossetti<\/p>\n<p>**) Intendente: Claudio G\u00d3MEZ<br \/>\nConcejales Titulares: Gerardo Navas , Claudio Compagnucci y Rosa M. Medina<br \/>\nConcejales suplentes: Puntunet, Herrera y Aghmed<\/p>\n<p>Senador: Guillermo Cornaglia<\/p>\n<p>**) Intendente: Daniel FORGIA<br \/>\nConcejales Titulares: Paola Ricardi, Noelia Tavella y Ricardo Adri\u00e1n Nu\u00f1ez<br \/>\nSuplentes: Carlos Alberto D\u00edaz, Alejandro Bustamante y Victoria Luna<\/p>\n<p>Senador: Guillermo Cornaglia<\/p>\n<p>FRENTE RENOVADOR DE LA ESPERANZA &#8211; Vecinalismo<br \/>\nIntendente: no presenta.<br \/>\nConcejales titulares: Agust\u00edn Ponzio &#8211; Maite L\u00f3pez Bailone &#8211; Marcelo Bohive<br \/>\nSuplentes: Jos\u00e9 Medina &#8211; Jos\u00e9 Fin\u00f3s &#8211; Yanina Landrein<\/p>\n<p>Senador Titular: Fabi\u00e1n Zanetti \/ Suplente: Pablo Rocha<br \/>\nLas Rosas Digital.<\/p>\n","protected":false},"excerpt":{"rendered":"<p>De no mediar sorpresas cuando el Tribunal Electoral reciba las listas el lunes 16 de febrero, ya se conocen en Las Rosas los candidatos para estas elecciones provinciales del 26 de abril (PASO) y 14 de junio (Generales). Solo habr\u00e1 competencia electoral en el espacio del Frente Justicialista por la Victoria, donde se presentan 4 <a href=\"https:\/\/armstrongyregion.com.ar\/diario\/las-rosas-elecciones-2015-habra-6-candidatos-a-intendente-y-7-listas-para-concejales\/\" title=\"Read more\" >&#8230;<\/a><\/p>\n","protected":false},"author":2,"featured_media":866,"comment_status":"open","ping_status":"open","sticky":false,"template":"","format":"standard","meta":{"_jetpack_memberships_contains_paid_content":false,"footnotes":"","jetpack_publicize_message":"","jetpack_publicize_feature_enabled":true,"jetpack_social_post_already_shared":false,"jetpack_social_options":{"image_generator_settings":{"template":"highway","default_image_id":0,"enabled":false},"version":2}},"categories":[1,7,3],"tags":[214,328,844,33,765,845,404,843,802,23,768,81,361,13],"class_list":["post-865","post","type-post","status-publish","format-standard","has-post-thumbnail","hentry","category-diario-armstrong","category-politica","category-region","tag-214","tag-328","tag-844","tag-a","tag-candidatos","tag-concejales","tag-elecciones","tag-habra","tag-intendente","tag-las","tag-listas","tag-para","tag-rosas","tag-y"],"jetpack_publicize_connections":[],"jetpack_featured_media_url":"https:\/\/armstrongyregion.com.ar\/diario\/wp-content\/uploads\/2015\/02\/0726-pot1401-telam.jpg_2069580699.jpg","jetpack_shortlink":"https:\/\/wp.me\/p62QDO-dX","jetpack_sharing_enabled":true,"amp_enabled":true,"_links":{"self":[{"href":"https:\/\/armstrongyregion.com.ar\/diario\/wp-json\/wp\/v2\/posts\/865","targetHints":{"allow":["GET"]}}],"collection":[{"href":"https:\/\/armstrongyregion.com.ar\/diario\/wp-json\/wp\/v2\/posts"}],"about":[{"href":"https:\/\/armstrongyregion.com.ar\/diario\/wp-json\/wp\/v2\/types\/post"}],"author":[{"embeddable":true,"href":"https:\/\/armstrongyregion.com.ar\/diario\/wp-json\/wp\/v2\/users\/2"}],"replies":[{"embeddable":true,"href":"https:\/\/armstrongyregion.com.ar\/diario\/wp-json\/wp\/v2\/comments?post=865"}],"version-history":[{"count":0,"href":"https:\/\/armstrongyregion.com.ar\/diario\/wp-json\/wp\/v2\/posts\/865\/revisions"}],"wp:featuredmedia":[{"embeddable":true,"href":"https:\/\/armstrongyregion.com.ar\/diario\/wp-json\/wp\/v2\/media\/866"}],"wp:attachment":[{"href":"https:\/\/armstrongyregion.com.ar\/diario\/wp-json\/wp\/v2\/media?parent=865"}],"wp:term":[{"taxonomy":"category","embeddable":true,"href":"https:\/\/armstrongyregion.com.ar\/diario\/wp-json\/wp\/v2\/categories?post=865"},{"taxonomy":"post_tag","embeddable":true,"href":"https:\/\/armstrongyregion.com.ar\/diario\/wp-json\/wp\/v2\/tags?post=865"}],"curies":[{"name":"wp","href":"https:\/\/api.w.org\/{rel}","templated":true}]}}