{"id":8638,"date":"2016-07-11T23:37:21","date_gmt":"2016-07-11T23:37:21","guid":{"rendered":"https:\/\/armstrongyregion.com.ar\/diario\/?p=8638"},"modified":"2016-07-11T23:48:59","modified_gmt":"2016-07-11T23:48:59","slug":"renuncio-al-cargo-de-director-del-samco-ivan-tanducci","status":"publish","type":"post","link":"https:\/\/armstrongyregion.com.ar\/diario\/renuncio-al-cargo-de-director-del-samco-ivan-tanducci\/","title":{"rendered":"Renuncio al cargo de Director del SAMco Ivan Tanducci."},"content":{"rendered":"<p><a href=\"http:\/\/armstrongyregion.com.ar\/diario\/wp-content\/uploads\/2016\/07\/SAMco-Armstrong-.jpg\"><img loading=\"lazy\" decoding=\"async\" src=\"http:\/\/armstrongyregion.com.ar\/diario\/wp-content\/uploads\/2016\/07\/SAMco-Armstrong-.jpg\" alt=\"SAMco-Armstrong-\" width=\"768\" height=\"466\" class=\"alignnone size-full wp-image-8639\" srcset=\"https:\/\/armstrongyregion.com.ar\/diario\/wp-content\/uploads\/2016\/07\/SAMco-Armstrong-.jpg 768w, https:\/\/armstrongyregion.com.ar\/diario\/wp-content\/uploads\/2016\/07\/SAMco-Armstrong--300x182.jpg 300w\" sizes=\"auto, (max-width: 768px) 100vw, 768px\" \/><\/a>El pasado mi\u00e9rcoles en una reuni\u00f3n con personal administrativo del SAMco Ivan Tanducci (odont\u00f3logo) expres\u00f3 que hab\u00eda renunciado al cargo de Director.<br \/>\nAdjudicando la direcci\u00f3n la Dra. Ver\u00f3nica Barone y como Coordinador Dar\u00edo Chappini. En la misma reuni\u00f3n nuestras fuentes informaron que el ex director expres\u00f3 que seguir\u00eda coordinando a la actual gesti\u00f3n y tambi\u00e9n ingresar\u00eda a la Cooperadora del SAMco hasta el momento sin antecedentes en el nosocomio local, de que alguien haya estado en la cooperadora y con un cargo provincial.<br \/>\nTanducci hab\u00eda asumido el 24 de diciembre del 2014 en un breve acto con personal hospitalario.<br \/>\nAmpliaremos.<\/p>\n","protected":false},"excerpt":{"rendered":"<p>El pasado mi\u00e9rcoles en una reuni\u00f3n con personal administrativo del SAMco Ivan Tanducci (odont\u00f3logo) expres\u00f3 que hab\u00eda renunciado al cargo de Director. Adjudicando la direcci\u00f3n la Dra. Ver\u00f3nica Barone y como Coordinador Dar\u00edo Chappini. En la misma reuni\u00f3n nuestras fuentes informaron que el ex director expres\u00f3 que seguir\u00eda coordinando a la actual gesti\u00f3n y tambi\u00e9n <a href=\"https:\/\/armstrongyregion.com.ar\/diario\/renuncio-al-cargo-de-director-del-samco-ivan-tanducci\/\" title=\"Read more\" >&#8230;<\/a><\/p>\n","protected":false},"author":2,"featured_media":8639,"comment_status":"open","ping_status":"open","sticky":false,"template":"","format":"standard","meta":{"_jetpack_memberships_contains_paid_content":false,"footnotes":"","jetpack_publicize_message":"","jetpack_publicize_feature_enabled":true,"jetpack_social_post_already_shared":false,"jetpack_social_options":{"image_generator_settings":{"template":"highway","default_image_id":0,"enabled":false},"version":2}},"categories":[1,2,3],"tags":[4176,1510,4177],"class_list":["post-8638","post","type-post","status-publish","format-standard","has-post-thumbnail","hentry","category-diario-armstrong","category-locales","category-region","tag-ivan","tag-renuncio","tag-tanducci"],"jetpack_publicize_connections":[],"jetpack_featured_media_url":"https:\/\/armstrongyregion.com.ar\/diario\/wp-content\/uploads\/2016\/07\/SAMco-Armstrong-.jpg","jetpack_shortlink":"https:\/\/wp.me\/p62QDO-2fk","jetpack_sharing_enabled":true,"amp_enabled":true,"_links":{"self":[{"href":"https:\/\/armstrongyregion.com.ar\/diario\/wp-json\/wp\/v2\/posts\/8638","targetHints":{"allow":["GET"]}}],"collection":[{"href":"https:\/\/armstrongyregion.com.ar\/diario\/wp-json\/wp\/v2\/posts"}],"about":[{"href":"https:\/\/armstrongyregion.com.ar\/diario\/wp-json\/wp\/v2\/types\/post"}],"author":[{"embeddable":true,"href":"https:\/\/armstrongyregion.com.ar\/diario\/wp-json\/wp\/v2\/users\/2"}],"replies":[{"embeddable":true,"href":"https:\/\/armstrongyregion.com.ar\/diario\/wp-json\/wp\/v2\/comments?post=8638"}],"version-history":[{"count":0,"href":"https:\/\/armstrongyregion.com.ar\/diario\/wp-json\/wp\/v2\/posts\/8638\/revisions"}],"wp:featuredmedia":[{"embeddable":true,"href":"https:\/\/armstrongyregion.com.ar\/diario\/wp-json\/wp\/v2\/media\/8639"}],"wp:attachment":[{"href":"https:\/\/armstrongyregion.com.ar\/diario\/wp-json\/wp\/v2\/media?parent=8638"}],"wp:term":[{"taxonomy":"category","embeddable":true,"href":"https:\/\/armstrongyregion.com.ar\/diario\/wp-json\/wp\/v2\/categories?post=8638"},{"taxonomy":"post_tag","embeddable":true,"href":"https:\/\/armstrongyregion.com.ar\/diario\/wp-json\/wp\/v2\/tags?post=8638"}],"curies":[{"name":"wp","href":"https:\/\/api.w.org\/{rel}","templated":true}]}}