{"id":8635,"date":"2016-07-11T23:23:48","date_gmt":"2016-07-11T23:23:48","guid":{"rendered":"https:\/\/armstrongyregion.com.ar\/diario\/?p=8635"},"modified":"2016-07-11T23:23:48","modified_gmt":"2016-07-11T23:23:48","slug":"expectativa-regional-por-la-radicacion-de-importante-central-termoelectrica-en-canada","status":"publish","type":"post","link":"https:\/\/armstrongyregion.com.ar\/diario\/expectativa-regional-por-la-radicacion-de-importante-central-termoelectrica-en-canada\/","title":{"rendered":"Expectativa regional por la radicacion de importante central termoelectrica en Ca\u00f1ada."},"content":{"rendered":"<p><a href=\"http:\/\/armstrongyregion.com.ar\/diario\/wp-content\/uploads\/2016\/07\/IMG_7235.jpg\"><img loading=\"lazy\" decoding=\"async\" src=\"http:\/\/armstrongyregion.com.ar\/diario\/wp-content\/uploads\/2016\/07\/IMG_7235.jpg\" alt=\"IMG_7235\" width=\"768\" height=\"512\" class=\"alignnone size-full wp-image-8636\" srcset=\"https:\/\/armstrongyregion.com.ar\/diario\/wp-content\/uploads\/2016\/07\/IMG_7235.jpg 768w, https:\/\/armstrongyregion.com.ar\/diario\/wp-content\/uploads\/2016\/07\/IMG_7235-300x200.jpg 300w\" sizes=\"auto, (max-width: 768px) 100vw, 768px\" \/><\/a>Se trata de una planta generadora de energ\u00eda el\u00e9ctrica licitada por el Ministerio de Energ\u00eda de Naci\u00f3n. Producir\u00e1 un impacto regional sin precedentes, con una inversi\u00f3n cercana a los mil millones de pesos y generaci\u00f3n de nuevos puestos de empleo. Se prev\u00e9 que comience a funcionar en 14 meses.<\/p>\n<p>\u201cEn un contexto complejo como el que atravesamos, que una industria de semejantes dimensiones elija radicarse en la zona y en particular a nuestra ciudad por sus ventajas comparativas, es un hecho trascendental para el desarrollo regional que resulta de una f\u00e9rrea pol\u00edtica en torno a una Ca\u00f1ada que produce\u201d, defini\u00f3  la presidenta del Concejo Municipal, Carina Mozzoni, a cargo temporalmente del Departamento Ejecutivo.<br \/>\nFue en el marco del anunci\u00f3 junto parte del gabinete, del env\u00edo al Concejo Municipal  del proyecto de ordenanza que solicita la autorizaci\u00f3n para la radicaci\u00f3n de una central termoel\u00e9ctrica de la firma \u201cIndustrias Juan Secco S.A.\u201d, al noroeste de la ciudad sobre la ruta 28 S. Esta planta se encuadra como parte de la declaraci\u00f3n de la emergencia el\u00e9ctrica, en la que el Ministerio de Energ\u00eda de Naci\u00f3n licit\u00f3 la construcci\u00f3n de cuatro generadoras en el pa\u00eds, una de las cuales eligi\u00f3 nuestra ciudad para producir la energ\u00eda que provea a Cammesa.<br \/>\n\u201cLa instalaci\u00f3n de esta planta generadora de energ\u00eda el\u00e9ctrica es consecuencia de las pol\u00edticas impulsadas desde el 2003 por esta gesti\u00f3n municipal, con el objetivo de consolidar a Ca\u00f1ada de G\u00f3mez como un polo de desarrollo y teniendo a la industria como generador de puestos de trabajo\u201d, expres\u00f3 Mozzoni. Por su parte, el secretario de Producci\u00f3n Marcelo Cogno manifest\u00f3: \u201cEsta inversi\u00f3n que recibe la ciudad se suma a la que realizar\u00e1 la Asociaci\u00f3n de Cooperativas Argentinas en el Parque Industrial, donde ya funcionan m\u00e1s de veinte empresas que incrementaron su producci\u00f3n y las fuentes genuinas de trabajo\u201d.<br \/>\nUna vez aprobada la ordenanza, se iniciar\u00e1 la construcci\u00f3n para comenzar a funcionar en un plazo no mayor a los 14 meses con una inversi\u00f3n cercana a los 60 millones de d\u00f3lares, con una capacidad de producci\u00f3n de 64 MW de alta tensi\u00f3n.<\/p>\n","protected":false},"excerpt":{"rendered":"<p>Se trata de una planta generadora de energ\u00eda el\u00e9ctrica licitada por el Ministerio de Energ\u00eda de Naci\u00f3n. Producir\u00e1 un impacto regional sin precedentes, con una inversi\u00f3n cercana a los mil millones de pesos y generaci\u00f3n de nuevos puestos de empleo. Se prev\u00e9 que comience a funcionar en 14 meses. \u201cEn un contexto complejo como el <a href=\"https:\/\/armstrongyregion.com.ar\/diario\/expectativa-regional-por-la-radicacion-de-importante-central-termoelectrica-en-canada\/\" title=\"Read more\" >&#8230;<\/a><\/p>\n","protected":false},"author":2,"featured_media":8636,"comment_status":"open","ping_status":"open","sticky":false,"template":"","format":"standard","meta":{"_jetpack_memberships_contains_paid_content":false,"footnotes":"","jetpack_publicize_message":"","jetpack_publicize_feature_enabled":true,"jetpack_social_post_already_shared":false,"jetpack_social_options":{"image_generator_settings":{"template":"highway","default_image_id":0,"enabled":false},"version":2}},"categories":[1,3],"tags":[],"class_list":["post-8635","post","type-post","status-publish","format-standard","has-post-thumbnail","hentry","category-diario-armstrong","category-region"],"jetpack_publicize_connections":[],"jetpack_featured_media_url":"https:\/\/armstrongyregion.com.ar\/diario\/wp-content\/uploads\/2016\/07\/IMG_7235.jpg","jetpack_shortlink":"https:\/\/wp.me\/p62QDO-2fh","jetpack_sharing_enabled":true,"amp_enabled":true,"_links":{"self":[{"href":"https:\/\/armstrongyregion.com.ar\/diario\/wp-json\/wp\/v2\/posts\/8635","targetHints":{"allow":["GET"]}}],"collection":[{"href":"https:\/\/armstrongyregion.com.ar\/diario\/wp-json\/wp\/v2\/posts"}],"about":[{"href":"https:\/\/armstrongyregion.com.ar\/diario\/wp-json\/wp\/v2\/types\/post"}],"author":[{"embeddable":true,"href":"https:\/\/armstrongyregion.com.ar\/diario\/wp-json\/wp\/v2\/users\/2"}],"replies":[{"embeddable":true,"href":"https:\/\/armstrongyregion.com.ar\/diario\/wp-json\/wp\/v2\/comments?post=8635"}],"version-history":[{"count":0,"href":"https:\/\/armstrongyregion.com.ar\/diario\/wp-json\/wp\/v2\/posts\/8635\/revisions"}],"wp:featuredmedia":[{"embeddable":true,"href":"https:\/\/armstrongyregion.com.ar\/diario\/wp-json\/wp\/v2\/media\/8636"}],"wp:attachment":[{"href":"https:\/\/armstrongyregion.com.ar\/diario\/wp-json\/wp\/v2\/media?parent=8635"}],"wp:term":[{"taxonomy":"category","embeddable":true,"href":"https:\/\/armstrongyregion.com.ar\/diario\/wp-json\/wp\/v2\/categories?post=8635"},{"taxonomy":"post_tag","embeddable":true,"href":"https:\/\/armstrongyregion.com.ar\/diario\/wp-json\/wp\/v2\/tags?post=8635"}],"curies":[{"name":"wp","href":"https:\/\/api.w.org\/{rel}","templated":true}]}}