{"id":862,"date":"2015-02-15T16:08:55","date_gmt":"2015-02-15T16:08:55","guid":{"rendered":"https:\/\/armstrongyregion.com.ar\/diario\/?p=862"},"modified":"2015-02-15T16:08:55","modified_gmt":"2015-02-15T16:08:55","slug":"armstrong-hoy-comienzan-los-festejos-de-carnaval","status":"publish","type":"post","link":"https:\/\/armstrongyregion.com.ar\/diario\/armstrong-hoy-comienzan-los-festejos-de-carnaval\/","title":{"rendered":"Armstrong. Hoy comienzan los Festejos de Carnaval."},"content":{"rendered":"<p><a href=\"http:\/\/armstrongyregion.com.ar\/diario\/wp-content\/uploads\/2015\/02\/carnaval2015placa.jpg\"><img loading=\"lazy\" decoding=\"async\" class=\"alignnone size-medium wp-image-863\" src=\"http:\/\/armstrongyregion.com.ar\/diario\/wp-content\/uploads\/2015\/02\/carnaval2015placa-300x213.jpg\" alt=\"carnaval2015placa\" width=\"300\" height=\"213\" srcset=\"https:\/\/armstrongyregion.com.ar\/diario\/wp-content\/uploads\/2015\/02\/carnaval2015placa-300x213.jpg 300w, https:\/\/armstrongyregion.com.ar\/diario\/wp-content\/uploads\/2015\/02\/carnaval2015placa-1024x728.jpg 1024w\" sizes=\"auto, (max-width: 300px) 100vw, 300px\" \/><\/a>La Municipalidad de Armstrong, a trav\u00e9s de la Secretar\u00eda de Educaci\u00f3n, Cultura y Deporte, invita a participar del festejo de carnaval 2015 que se realizar\u00e1 los d\u00edas 15 y 16 de febrero con una gran cantidad de n\u00fameros art\u00edsticos para que toda la familia disfrute esta fecha.<br \/>\nLa programaci\u00f3n definida para este a\u00f1o ser\u00e1 la siguiente:<br \/>\nDomingo 15, en Plaza San Mart\u00edn:<\/p>\n<p>Compa\u00f1\u00eda Argentina, con Mariano Villarruel, y su tributo a Tamara Castro<br \/>\nMurga Municipal Algarab\u00eda<br \/>\nJulieta Marucco<br \/>\nGrupo de Danzas Latinoamericanas Warmi<br \/>\nTaller municipal de danzas \u00e1rabes Faty Ay\u00fan<br \/>\nMarisa L\u00f3pez<br \/>\nComparsa Libertad, con 50 bailarines y batucada<br \/>\nLocos por la Cumbia<\/p>\n<p>Lunes 16, en Plaza P\u00e9rez Esquivel:<\/p>\n<p>Grupo local \u201cFe y Melod\u00eda\u201d<br \/>\nMurga Municipal Algarab\u00eda<br \/>\nMariano \u00c1vila (cantante de salsa)<br \/>\nComparsa Libertad<br \/>\nGrupo Play<br \/>\nNueva Dimensi\u00f3n<\/p>\n<p>Ambos d\u00edas los espect\u00e1culos comenzar\u00e1n a las 20:30 hs. y, en caso de lluvia, se realizar\u00e1n en la Estaci\u00f3n Mas.<\/p>\n<p>Participar\u00e1n los integrantes de Sabores y Colores Locales ofreciendo sus productos y habr\u00e1 servicio de buffet a cargo de la Escuela N\u00ba 600.<\/p>\n","protected":false},"excerpt":{"rendered":"<p>La Municipalidad de Armstrong, a trav\u00e9s de la Secretar\u00eda de Educaci\u00f3n, Cultura y Deporte, invita a participar del festejo de carnaval 2015 que se realizar\u00e1 los d\u00edas 15 y 16 de febrero con una gran cantidad de n\u00fameros art\u00edsticos para que toda la familia disfrute esta fecha. La programaci\u00f3n definida para este a\u00f1o ser\u00e1 la <a href=\"https:\/\/armstrongyregion.com.ar\/diario\/armstrong-hoy-comienzan-los-festejos-de-carnaval\/\" title=\"Read more\" >&#8230;<\/a><\/p>\n","protected":false},"author":2,"featured_media":863,"comment_status":"open","ping_status":"open","sticky":false,"template":"","format":"standard","meta":{"_jetpack_memberships_contains_paid_content":false,"footnotes":"","jetpack_publicize_message":"","jetpack_publicize_feature_enabled":true,"jetpack_social_post_already_shared":false,"jetpack_social_options":{"image_generator_settings":{"template":"highway","default_image_id":0,"enabled":false},"version":2}},"categories":[1,2],"tags":[20,842,840,19,841,839,42],"class_list":["post-862","post","type-post","status-publish","format-standard","has-post-thumbnail","hentry","category-diario-armstrong","category-locales","tag-armstrong","tag-carnaval","tag-comienzan","tag-de","tag-festejos","tag-hoy","tag-los"],"jetpack_publicize_connections":[],"jetpack_featured_media_url":"https:\/\/armstrongyregion.com.ar\/diario\/wp-content\/uploads\/2015\/02\/carnaval2015placa.jpg","jetpack_shortlink":"https:\/\/wp.me\/p62QDO-dU","jetpack_sharing_enabled":true,"amp_enabled":true,"_links":{"self":[{"href":"https:\/\/armstrongyregion.com.ar\/diario\/wp-json\/wp\/v2\/posts\/862","targetHints":{"allow":["GET"]}}],"collection":[{"href":"https:\/\/armstrongyregion.com.ar\/diario\/wp-json\/wp\/v2\/posts"}],"about":[{"href":"https:\/\/armstrongyregion.com.ar\/diario\/wp-json\/wp\/v2\/types\/post"}],"author":[{"embeddable":true,"href":"https:\/\/armstrongyregion.com.ar\/diario\/wp-json\/wp\/v2\/users\/2"}],"replies":[{"embeddable":true,"href":"https:\/\/armstrongyregion.com.ar\/diario\/wp-json\/wp\/v2\/comments?post=862"}],"version-history":[{"count":0,"href":"https:\/\/armstrongyregion.com.ar\/diario\/wp-json\/wp\/v2\/posts\/862\/revisions"}],"wp:featuredmedia":[{"embeddable":true,"href":"https:\/\/armstrongyregion.com.ar\/diario\/wp-json\/wp\/v2\/media\/863"}],"wp:attachment":[{"href":"https:\/\/armstrongyregion.com.ar\/diario\/wp-json\/wp\/v2\/media?parent=862"}],"wp:term":[{"taxonomy":"category","embeddable":true,"href":"https:\/\/armstrongyregion.com.ar\/diario\/wp-json\/wp\/v2\/categories?post=862"},{"taxonomy":"post_tag","embeddable":true,"href":"https:\/\/armstrongyregion.com.ar\/diario\/wp-json\/wp\/v2\/tags?post=862"}],"curies":[{"name":"wp","href":"https:\/\/api.w.org\/{rel}","templated":true}]}}