{"id":8602,"date":"2016-07-09T15:45:07","date_gmt":"2016-07-09T15:45:07","guid":{"rendered":"https:\/\/armstrongyregion.com.ar\/diario\/?p=8602"},"modified":"2016-07-09T15:45:07","modified_gmt":"2016-07-09T15:45:07","slug":"la-corte-evaluara-los-fallos-contra-el-tarifazo-pero-se-expediria-en-agosto","status":"publish","type":"post","link":"https:\/\/armstrongyregion.com.ar\/diario\/la-corte-evaluara-los-fallos-contra-el-tarifazo-pero-se-expediria-en-agosto\/","title":{"rendered":"La Corte evaluar\u00e1 los fallos contra el tarifazo, pero se expedir\u00eda en agosto."},"content":{"rendered":"<p><a href=\"http:\/\/armstrongyregion.com.ar\/diario\/wp-content\/uploads\/2016\/07\/gas-natural-.jpg\"><img loading=\"lazy\" decoding=\"async\" src=\"http:\/\/armstrongyregion.com.ar\/diario\/wp-content\/uploads\/2016\/07\/gas-natural-.jpg\" alt=\"gas-natural-\" width=\"770\" height=\"433\" class=\"alignnone size-full wp-image-8603\" srcset=\"https:\/\/armstrongyregion.com.ar\/diario\/wp-content\/uploads\/2016\/07\/gas-natural-.jpg 770w, https:\/\/armstrongyregion.com.ar\/diario\/wp-content\/uploads\/2016\/07\/gas-natural--300x169.jpg 300w\" sizes=\"auto, (max-width: 770px) 100vw, 770px\" \/><\/a>El m\u00e1ximo tribunal se reunir\u00e1 para evaluar los fallos que frenaron los incrementos en el servicio de gas en todo el pa\u00eds, pero advierten que reci\u00e9n habr\u00e1 una resoluci\u00f3n a mediados del pr\u00f3ximo mes. Avalar\u00edan los aumentos impulsados por el gobierno<\/p>\n<p>Fuentes cercanas a la Corte Suprema de Justicia de la Naci\u00f3n adelantaron este s\u00e1bado que los jueces del m\u00e1ximo tribunal evaluar\u00e1n la semana pr\u00f3xima los fallos que intentan frenar los tarifazos al gas y a la energ\u00eda el\u00e9ctrica en todo el pa\u00eds, pero a la vez adelantaron que la resoluci\u00f3n se dar\u00eda a conocer reci\u00e9n a mediados de agosto. Seg\u00fan trascendi\u00f3, la Corte avalar\u00eda los aumentos impulsados por el gobierno nacional.<\/p>\n<p>En siete provincias ya se dictaron una decena de medidas cautelares para retrotraer las tarifas de gas y luz. Pero el fallo judicial que modific\u00f3 el escenario fue el que dio a conocer anteayer la C\u00e1mara Federal de La Plata, que declar\u00f3 nulo, con alcance para todo el pa\u00eds, el reajuste de las facturas.<\/p>\n<p>Seg\u00fan publica el diario La Naci\u00f3n este s\u00e1bado, hay posiciones dispares entre los cuatro miembros de la Corte \u2013pronto ser\u00e1n cinco- en cuanto al tratamiento de esta situaci\u00f3n, que tiene preocupados a miles y miles de argentinos que dudan en pagar o no pagar sus boletas, que en muchos casos llegaron con un mil por mil de incremento.<\/p>\n<p>Advierten que en las siguientes 48 horas, el tribunal podr\u00eda tomar alguna medida procesal e, incluso, pedirle informes al Gobierno, pero postergar\u00e1 hasta mediados de agosto una sentencia.<\/p>\n<p>De acuerdo a los datos que pudo reunir La Naci\u00f3n, la Corte le reconocer\u00eda al presidente Mauricio Macri la facultad de disponer ese incremento, aunque bajo ciertas condiciones.<\/p>\n<p>Afirman que la Corte Suprema est\u00e1 \u201cbajo una fuerte presi\u00f3n\u201d porque los jueces y c\u00e1maras de apelaciones de distintas provincias vinieron dictando diferentes medidas cautelares.<\/p>\n<p>Existe un desconcierto generalizado, tanto entre las distribuidoras como entre los usuarios, sobre la obligaci\u00f3n de facturar y pagar con el nuevo cuadro tarifario o, por el contrario, sujetarse a los valores anteriores. Por eso, el ministro de Justicia, Germ\u00e1n Garavano, afirm\u00f3 que un r\u00e1pido fallo de la Corte podr\u00eda \u00abdar certidumbre\u00bb.<\/p>\n<p>De hecho, las propias ONGs y asociaciones defensoras de los derechos de los consumidores no logran ponerse de acuerdo sobre si se deben pagar o no las boletas que tienen aplicado el aumento.<br \/>\nRosario3.com<\/p>\n","protected":false},"excerpt":{"rendered":"<p>El m\u00e1ximo tribunal se reunir\u00e1 para evaluar los fallos que frenaron los incrementos en el servicio de gas en todo el pa\u00eds, pero advierten que reci\u00e9n habr\u00e1 una resoluci\u00f3n a mediados del pr\u00f3ximo mes. Avalar\u00edan los aumentos impulsados por el gobierno Fuentes cercanas a la Corte Suprema de Justicia de la Naci\u00f3n adelantaron este s\u00e1bado <a href=\"https:\/\/armstrongyregion.com.ar\/diario\/la-corte-evaluara-los-fallos-contra-el-tarifazo-pero-se-expediria-en-agosto\/\" title=\"Read more\" >&#8230;<\/a><\/p>\n","protected":false},"author":2,"featured_media":8603,"comment_status":"open","ping_status":"open","sticky":false,"template":"","format":"standard","meta":{"_jetpack_memberships_contains_paid_content":false,"footnotes":"","jetpack_publicize_message":"","jetpack_publicize_feature_enabled":true,"jetpack_social_post_already_shared":false,"jetpack_social_options":{"image_generator_settings":{"template":"highway","default_image_id":0,"enabled":false},"version":2}},"categories":[1,2,3],"tags":[4159,1161,4110,16,4160,31,42,4114],"class_list":["post-8602","post","type-post","status-publish","format-standard","has-post-thumbnail","hentry","category-diario-armstrong","category-locales","category-region","tag-avaluara","tag-contra","tag-corte","tag-el","tag-fallos","tag-la","tag-los","tag-tarifazo"],"jetpack_publicize_connections":[],"jetpack_featured_media_url":"https:\/\/armstrongyregion.com.ar\/diario\/wp-content\/uploads\/2016\/07\/gas-natural-.jpg","jetpack_shortlink":"https:\/\/wp.me\/p62QDO-2eK","jetpack_sharing_enabled":true,"amp_enabled":true,"_links":{"self":[{"href":"https:\/\/armstrongyregion.com.ar\/diario\/wp-json\/wp\/v2\/posts\/8602","targetHints":{"allow":["GET"]}}],"collection":[{"href":"https:\/\/armstrongyregion.com.ar\/diario\/wp-json\/wp\/v2\/posts"}],"about":[{"href":"https:\/\/armstrongyregion.com.ar\/diario\/wp-json\/wp\/v2\/types\/post"}],"author":[{"embeddable":true,"href":"https:\/\/armstrongyregion.com.ar\/diario\/wp-json\/wp\/v2\/users\/2"}],"replies":[{"embeddable":true,"href":"https:\/\/armstrongyregion.com.ar\/diario\/wp-json\/wp\/v2\/comments?post=8602"}],"version-history":[{"count":0,"href":"https:\/\/armstrongyregion.com.ar\/diario\/wp-json\/wp\/v2\/posts\/8602\/revisions"}],"wp:featuredmedia":[{"embeddable":true,"href":"https:\/\/armstrongyregion.com.ar\/diario\/wp-json\/wp\/v2\/media\/8603"}],"wp:attachment":[{"href":"https:\/\/armstrongyregion.com.ar\/diario\/wp-json\/wp\/v2\/media?parent=8602"}],"wp:term":[{"taxonomy":"category","embeddable":true,"href":"https:\/\/armstrongyregion.com.ar\/diario\/wp-json\/wp\/v2\/categories?post=8602"},{"taxonomy":"post_tag","embeddable":true,"href":"https:\/\/armstrongyregion.com.ar\/diario\/wp-json\/wp\/v2\/tags?post=8602"}],"curies":[{"name":"wp","href":"https:\/\/api.w.org\/{rel}","templated":true}]}}