{"id":859,"date":"2015-02-15T15:54:45","date_gmt":"2015-02-15T15:54:45","guid":{"rendered":"https:\/\/armstrongyregion.com.ar\/diario\/?p=859"},"modified":"2015-02-15T15:54:45","modified_gmt":"2015-02-15T15:54:45","slug":"clerici-anuncio-un-piano-de-cola-para-el-verdi","status":"publish","type":"post","link":"https:\/\/armstrongyregion.com.ar\/diario\/clerici-anuncio-un-piano-de-cola-para-el-verdi\/","title":{"rendered":"Cl\u00e9rici anunci\u00f3 un piano de cola para el Verdi."},"content":{"rendered":"<p><a href=\"http:\/\/armstrongyregion.com.ar\/diario\/wp-content\/uploads\/2015\/02\/IMG_9428.jpg\"><img loading=\"lazy\" decoding=\"async\" class=\"alignnone size-medium wp-image-860\" src=\"http:\/\/armstrongyregion.com.ar\/diario\/wp-content\/uploads\/2015\/02\/IMG_9428-300x200.jpg\" alt=\"clerici piano\" width=\"300\" height=\"200\" srcset=\"https:\/\/armstrongyregion.com.ar\/diario\/wp-content\/uploads\/2015\/02\/IMG_9428-300x200.jpg 300w, https:\/\/armstrongyregion.com.ar\/diario\/wp-content\/uploads\/2015\/02\/IMG_9428.jpg 600w\" sizes=\"auto, (max-width: 300px) 100vw, 300px\" \/><\/a>Fue en el acto que se realiz\u00f3 en las escalinatas de la instituci\u00f3n festejando los noventa a\u00f1os. Adem\u00e1s destac\u00f3 el trabajo conjunto con el<br \/>\nmunicipio.<\/p>\n<p>La intendenta Stella Cl\u00e9rici anunci\u00f3 un piano de cola para el Teatro Verdi, en el acto que se realiz\u00f3 en las escalinatas de la instituci\u00f3n<br \/>\ncomo parte de los festejos de los noventa a\u00f1os. Adem\u00e1s destac\u00f3 el trabajo conjunto con el municipio.<br \/>\n\u201cEstamos muy orgullosos de la labor que viene realizando este Teatro<br \/>\ndesde sus inicios, y que hoy enorgullece a todos los ca\u00f1adenses\u201d,<br \/>\nexpres\u00f3 la intendenta. \u201cHoy les quiero anunciar que el municipio<br \/>\nentregar\u00e1 un nuevo piano de cola a la instituci\u00f3n\u201d.<br \/>\nFinalmente destac\u00f3 el apoyo constante de la gesti\u00f3n municipal tanto a<br \/>\nesta como a las dem\u00e1s entidades de la ciudad que d\u00eda a d\u00eda trabajan por<br \/>\nla revalorizaci\u00f3n de la cultura y del ser ca\u00f1adense.<\/p>\n","protected":false},"excerpt":{"rendered":"<p>Fue en el acto que se realiz\u00f3 en las escalinatas de la instituci\u00f3n festejando los noventa a\u00f1os. Adem\u00e1s destac\u00f3 el trabajo conjunto con el municipio. La intendenta Stella Cl\u00e9rici anunci\u00f3 un piano de cola para el Teatro Verdi, en el acto que se realiz\u00f3 en las escalinatas de la instituci\u00f3n como parte de los festejos <a href=\"https:\/\/armstrongyregion.com.ar\/diario\/clerici-anuncio-un-piano-de-cola-para-el-verdi\/\" title=\"Read more\" >&#8230;<\/a><\/p>\n","protected":false},"author":2,"featured_media":860,"comment_status":"open","ping_status":"open","sticky":false,"template":"","format":"standard","meta":{"_jetpack_memberships_contains_paid_content":false,"footnotes":"","jetpack_publicize_message":"","jetpack_publicize_feature_enabled":true,"jetpack_social_post_already_shared":false,"jetpack_social_options":{"image_generator_settings":{"template":"highway","default_image_id":0,"enabled":false},"version":2}},"categories":[1,3],"tags":[835,83,837,19,16,81,836,192,838],"class_list":["post-859","post","type-post","status-publish","format-standard","has-post-thumbnail","hentry","category-diario-armstrong","category-region","tag-anuncio","tag-clerici","tag-cola","tag-de","tag-el","tag-para","tag-pian0","tag-un","tag-verdi"],"jetpack_publicize_connections":[],"jetpack_featured_media_url":"https:\/\/armstrongyregion.com.ar\/diario\/wp-content\/uploads\/2015\/02\/IMG_9428.jpg","jetpack_shortlink":"https:\/\/wp.me\/p62QDO-dR","jetpack_sharing_enabled":true,"amp_enabled":true,"_links":{"self":[{"href":"https:\/\/armstrongyregion.com.ar\/diario\/wp-json\/wp\/v2\/posts\/859","targetHints":{"allow":["GET"]}}],"collection":[{"href":"https:\/\/armstrongyregion.com.ar\/diario\/wp-json\/wp\/v2\/posts"}],"about":[{"href":"https:\/\/armstrongyregion.com.ar\/diario\/wp-json\/wp\/v2\/types\/post"}],"author":[{"embeddable":true,"href":"https:\/\/armstrongyregion.com.ar\/diario\/wp-json\/wp\/v2\/users\/2"}],"replies":[{"embeddable":true,"href":"https:\/\/armstrongyregion.com.ar\/diario\/wp-json\/wp\/v2\/comments?post=859"}],"version-history":[{"count":0,"href":"https:\/\/armstrongyregion.com.ar\/diario\/wp-json\/wp\/v2\/posts\/859\/revisions"}],"wp:featuredmedia":[{"embeddable":true,"href":"https:\/\/armstrongyregion.com.ar\/diario\/wp-json\/wp\/v2\/media\/860"}],"wp:attachment":[{"href":"https:\/\/armstrongyregion.com.ar\/diario\/wp-json\/wp\/v2\/media?parent=859"}],"wp:term":[{"taxonomy":"category","embeddable":true,"href":"https:\/\/armstrongyregion.com.ar\/diario\/wp-json\/wp\/v2\/categories?post=859"},{"taxonomy":"post_tag","embeddable":true,"href":"https:\/\/armstrongyregion.com.ar\/diario\/wp-json\/wp\/v2\/tags?post=859"}],"curies":[{"name":"wp","href":"https:\/\/api.w.org\/{rel}","templated":true}]}}