{"id":8550,"date":"2016-07-05T21:31:07","date_gmt":"2016-07-05T21:31:07","guid":{"rendered":"https:\/\/armstrongyregion.com.ar\/diario\/?p=8550"},"modified":"2016-07-05T21:31:07","modified_gmt":"2016-07-05T21:31:07","slug":"obras-menores-lifschitz-entregara-mas-de-14-millones-a-los-dtos-belgrano-y-san-lorenzo","status":"publish","type":"post","link":"https:\/\/armstrongyregion.com.ar\/diario\/obras-menores-lifschitz-entregara-mas-de-14-millones-a-los-dtos-belgrano-y-san-lorenzo\/","title":{"rendered":"Obras Menores: Lifschitz entregar\u00e1 m\u00e1s de 14 millones a los dtos. Belgrano y San Lorenzo."},"content":{"rendered":"<p><a href=\"http:\/\/armstrongyregion.com.ar\/diario\/wp-content\/uploads\/2016\/07\/Miguel-Lifschitz.jpg\"><img loading=\"lazy\" decoding=\"async\" src=\"http:\/\/armstrongyregion.com.ar\/diario\/wp-content\/uploads\/2016\/07\/Miguel-Lifschitz-1024x683.jpg\" alt=\"Miguel-Lifschitz\" width=\"800\" height=\"534\" class=\"alignnone size-large wp-image-8551\" srcset=\"https:\/\/armstrongyregion.com.ar\/diario\/wp-content\/uploads\/2016\/07\/Miguel-Lifschitz-1024x683.jpg 1024w, https:\/\/armstrongyregion.com.ar\/diario\/wp-content\/uploads\/2016\/07\/Miguel-Lifschitz-300x200.jpg 300w, https:\/\/armstrongyregion.com.ar\/diario\/wp-content\/uploads\/2016\/07\/Miguel-Lifschitz.jpg 1200w\" sizes=\"auto, (max-width: 800px) 100vw, 800px\" \/><\/a>El acto se llevar\u00e1 a cabo \u00e9ste mi\u00e9rcoles 6 de julio en Carcara\u00f1\u00e1. Ser\u00e1 la entrega n\u00famero once que se realiza conforme a la decisi\u00f3n del gobernador de abonar la totalidad de la deuda de obras menores.<\/p>\n<p>El gobernador de Santa Fe, Miguel Lifschitz encabezar\u00e1 el pr\u00f3ximo mi\u00e9rcoles 6 de julio la entrega de $14.115.055 a 12 localidades que pertenecen a los departamentos Belgrano y San Lorenzo. Se trata de la entrega n\u00famero once en  marco del anuncio del gobernador de abonar el total de la deuda.<\/p>\n<p>Lifschitz manifest\u00f3 durante una de las entregas respecto a la medida: \u201cla Ley de Obras Menores fue un gran avance en la provincia porque permiti\u00f3 darles recursos econ\u00f3micos a los gobiernos locales para ejecutar obras y adquirir equipamiento. Hab\u00eda un atraso en la aplicaci\u00f3n de la ley, con deudas pendientes, y asumimos el compromiso de regularizar la situaci\u00f3n en seis meses; es por eso que trabajamos en ese sentido y hoy nos estamos poniendo al d\u00eda\u201d, agreg\u00f3<\/p>\n<p>El acto ser\u00e1 a las 10 en la Casa del Bicentenario de la ciudad de Carcara\u00f1\u00e1, ubicada en 9 de Julio 522. El gobernador estar\u00e1 acompa\u00f1ado por el secretario y el subsecretario de Regiones, Municipios y Comunas, Carlos Torres y Lisandro D&#8217;Anna respectivamente y la subsecretaria de  Coordinaci\u00f3n y Gesti\u00f3n Territorial, Paula Salari. Estar\u00e1n presentes tambi\u00e9n la intendenta de la localidad anfitriona Ver\u00f3nica Schuager,  los senadores por el departamento San Lorenzo, Armando Traferri y Guillermo Cornaglia por departamento Belgrano y dem\u00e1s autoridades de las localidades que recibir\u00e1n los fondos,  y funcionarios provinciales.<\/p>\n<p>Localidades Beneficiadas<\/p>\n<p>A continuaci\u00f3n se detallan las localidades que recibir\u00e1n los aportes y sus respectivos proyectos:<br \/>\n>>Departamento San Lorenzo<\/p>\n<p>Aldao: Construcci\u00f3n de estabilizado granular de escoria para tr\u00e1nsito pesado y aporte para gastos corrientes<br \/>\nCapit\u00e1n Berm\u00fadez: Obra de carpeta asf\u00e1ltica<br \/>\nCarcara\u00f1\u00e1: Adquisici\u00f3n de veh\u00edculo utilitario y obra de cord\u00f3n cuneta<br \/>\nFuentes: Compra de unidad tipo utilitaria  y construcci\u00f3n de carpeta asf\u00e1ltica<br \/>\nLuis Palacios: Obra de cerramiento del S.U.M. y aporte para gastos corrientes<br \/>\nPuerto Gral. San Mart\u00edn:     Adquisici\u00f3n de dos equipos para recolecci\u00f3n de residuos s\u00f3lidos urbanos<br \/>\nPujato : Obra de reforma y terminaci\u00f3n de parque y asfaltado de calles<br \/>\nRold\u00e1n: Adquisici\u00f3n de tractor, 4 utilitarios, 20 motoguada\u00f1as y 120 contenedores 1100 Lts.<br \/>\nVilla Mugueta: Ejecuci\u00f3n de obras de cord\u00f3n cuneta, bad\u00e9n y estabilizado<\/p>\n<p>>>Departamento Belgrano<br \/>\nLas Parejas: Adquisici\u00f3n de un Cami\u00f3n, una camioneta, equipo regador y  minicargador<br \/>\nMontes de Oca: 2da Etapa de ejecuci\u00f3n de carpeta asf\u00e1ltica,          compra de tractor, una camioneta, pala hidr\u00e1ulica, niveladora de arrastre y tanque regador<br \/>\nTortugas: Adquisici\u00f3n de veh\u00edculo, retroexcavadora y tractor.  2da cuota de obra de cord\u00f3n cuneta y aporte para gastos corrientes<\/p>\n<p>Fondos de Obras Menores<br \/>\nEl gobernador de la provincia, Miguel Lifschitz destin\u00f3 a abonar la totalidad de la deuda Fondos de Obras Menores (Ley 12.385)  una inversi\u00f3n de m\u00e1s $213.000.000.  La decisi\u00f3n tiene como objetivo continuar reforzando el compromiso con gobiernos locales quienes mediante los aportes podr\u00e1n realizar obras de infraestructura como: pavimentaci\u00f3n, bacheo, estabilizado, redes cloacales, alumbrado p\u00fablico, reparaciones de edificios p\u00fablicos y\/o adquirir maquinarias y veh\u00edculos: tractores, motoniveladoras, camiones, etc.<\/p>\n","protected":false},"excerpt":{"rendered":"<p>El acto se llevar\u00e1 a cabo \u00e9ste mi\u00e9rcoles 6 de julio en Carcara\u00f1\u00e1. Ser\u00e1 la entrega n\u00famero once que se realiza conforme a la decisi\u00f3n del gobernador de abonar la totalidad de la deuda de obras menores. El gobernador de Santa Fe, Miguel Lifschitz encabezar\u00e1 el pr\u00f3ximo mi\u00e9rcoles 6 de julio la entrega de $14.115.055 <a href=\"https:\/\/armstrongyregion.com.ar\/diario\/obras-menores-lifschitz-entregara-mas-de-14-millones-a-los-dtos-belgrano-y-san-lorenzo\/\" title=\"Read more\" >&#8230;<\/a><\/p>\n","protected":false},"author":2,"featured_media":8551,"comment_status":"open","ping_status":"open","sticky":false,"template":"","format":"standard","meta":{"_jetpack_memberships_contains_paid_content":false,"footnotes":"","jetpack_publicize_message":"","jetpack_publicize_feature_enabled":true,"jetpack_social_post_already_shared":false,"jetpack_social_options":{"image_generator_settings":{"template":"highway","default_image_id":0,"enabled":false},"version":2}},"categories":[1,2,7,3],"tags":[873,4144,112,34,4145,498,284,13],"class_list":["post-8550","post","type-post","status-publish","format-standard","has-post-thumbnail","hentry","category-diario-armstrong","category-locales","category-politica","category-region","tag-belgrano","tag-dtos","tag-entrego","tag-lifschitz","tag-lorenzo","tag-millones","tag-san","tag-y"],"jetpack_publicize_connections":[],"jetpack_featured_media_url":"https:\/\/armstrongyregion.com.ar\/diario\/wp-content\/uploads\/2016\/07\/Miguel-Lifschitz.jpg","jetpack_shortlink":"https:\/\/wp.me\/p62QDO-2dU","jetpack_sharing_enabled":true,"amp_enabled":true,"_links":{"self":[{"href":"https:\/\/armstrongyregion.com.ar\/diario\/wp-json\/wp\/v2\/posts\/8550","targetHints":{"allow":["GET"]}}],"collection":[{"href":"https:\/\/armstrongyregion.com.ar\/diario\/wp-json\/wp\/v2\/posts"}],"about":[{"href":"https:\/\/armstrongyregion.com.ar\/diario\/wp-json\/wp\/v2\/types\/post"}],"author":[{"embeddable":true,"href":"https:\/\/armstrongyregion.com.ar\/diario\/wp-json\/wp\/v2\/users\/2"}],"replies":[{"embeddable":true,"href":"https:\/\/armstrongyregion.com.ar\/diario\/wp-json\/wp\/v2\/comments?post=8550"}],"version-history":[{"count":0,"href":"https:\/\/armstrongyregion.com.ar\/diario\/wp-json\/wp\/v2\/posts\/8550\/revisions"}],"wp:featuredmedia":[{"embeddable":true,"href":"https:\/\/armstrongyregion.com.ar\/diario\/wp-json\/wp\/v2\/media\/8551"}],"wp:attachment":[{"href":"https:\/\/armstrongyregion.com.ar\/diario\/wp-json\/wp\/v2\/media?parent=8550"}],"wp:term":[{"taxonomy":"category","embeddable":true,"href":"https:\/\/armstrongyregion.com.ar\/diario\/wp-json\/wp\/v2\/categories?post=8550"},{"taxonomy":"post_tag","embeddable":true,"href":"https:\/\/armstrongyregion.com.ar\/diario\/wp-json\/wp\/v2\/tags?post=8550"}],"curies":[{"name":"wp","href":"https:\/\/api.w.org\/{rel}","templated":true}]}}