{"id":8547,"date":"2016-07-05T21:24:00","date_gmt":"2016-07-05T21:24:00","guid":{"rendered":"https:\/\/armstrongyregion.com.ar\/diario\/?p=8547"},"modified":"2016-07-05T21:24:00","modified_gmt":"2016-07-05T21:24:00","slug":"el-gno-pcial-entrego-mas-de-8-millones-de-pesos-a-la-comuna-de-correa","status":"publish","type":"post","link":"https:\/\/armstrongyregion.com.ar\/diario\/el-gno-pcial-entrego-mas-de-8-millones-de-pesos-a-la-comuna-de-correa\/","title":{"rendered":"El gno. pcial. entreg\u00f3 m\u00e1s de 8 millones de pesos a la Comuna de Correa."},"content":{"rendered":"<p><a href=\"http:\/\/armstrongyregion.com.ar\/diario\/wp-content\/uploads\/2016\/07\/Fondo-de-Obras-Menores.jpg\"><img loading=\"lazy\" decoding=\"async\" src=\"http:\/\/armstrongyregion.com.ar\/diario\/wp-content\/uploads\/2016\/07\/Fondo-de-Obras-Menores.jpg\" alt=\"Fondo de Obras Menores\" width=\"768\" height=\"552\" class=\"alignnone size-full wp-image-8548\" srcset=\"https:\/\/armstrongyregion.com.ar\/diario\/wp-content\/uploads\/2016\/07\/Fondo-de-Obras-Menores.jpg 768w, https:\/\/armstrongyregion.com.ar\/diario\/wp-content\/uploads\/2016\/07\/Fondo-de-Obras-Menores-300x216.jpg 300w\" sizes=\"auto, (max-width: 768px) 100vw, 768px\" \/><\/a>En el marco de los aportes correspondientes al Fondo de Obras Menores, el gobernador de Santa Fe, Miguel Lifschitz hizo entrega de una importante suma de dinero destinada a la realizaci\u00f3n de distintas obras de relevancia para nuestra localidad.<\/p>\n<p>Estos fondos ser\u00e1n destinados a la reparaci\u00f3n del cementerio, la construcci\u00f3n de la nueva plaza de la Democracia (ubicada en la intersecci\u00f3n de Irigoyen y San Mart\u00edn) y la instalaci\u00f3n de una nueva bomba sumergible de abastecimiento de agua para el servicio p\u00fablico, en especial, para tareas de riego.<\/p>\n<p>Al mismo tiempo, se procedi\u00f3 a la firma del convenio entre el Gobierno se Santa Fe y la Comuna de Correa que comprende distintas soluciones habitacionales para los vecinos, como unidades construidas, aportes para materiales, financiaci\u00f3n de lotes y cr\u00e9ditos hipotecarios. Correa tendr\u00e1 a disposici\u00f3n un total 26 nuevos lotes en el marco del programa \u201cMi Tierra, Mi casa\u201d y la construcci\u00f3n de 7 nuevas viviendas por el programa \u201cLote Propio\u201d.<\/p>\n<p>El acto fue llevado a cabo sobre el mediod\u00eda del \u00faltimo viernes en Totoras, con la presencia de autoridades provinciales, el presidente comunal, Fabi\u00e1n Cejas y el secretario de coordinaci\u00f3n, Nahuel Cejas quienes recibieron un total de $8.144.644,33.<\/p>\n","protected":false},"excerpt":{"rendered":"<p>En el marco de los aportes correspondientes al Fondo de Obras Menores, el gobernador de Santa Fe, Miguel Lifschitz hizo entrega de una importante suma de dinero destinada a la realizaci\u00f3n de distintas obras de relevancia para nuestra localidad. Estos fondos ser\u00e1n destinados a la reparaci\u00f3n del cementerio, la construcci\u00f3n de la nueva plaza de <a href=\"https:\/\/armstrongyregion.com.ar\/diario\/el-gno-pcial-entrego-mas-de-8-millones-de-pesos-a-la-comuna-de-correa\/\" title=\"Read more\" >&#8230;<\/a><\/p>\n","protected":false},"author":2,"featured_media":8548,"comment_status":"open","ping_status":"open","sticky":false,"template":"","format":"standard","meta":{"_jetpack_memberships_contains_paid_content":false,"footnotes":"","jetpack_publicize_message":"","jetpack_publicize_feature_enabled":true,"jetpack_social_post_already_shared":false,"jetpack_social_options":{"image_generator_settings":{"template":"highway","default_image_id":0,"enabled":false},"version":2}},"categories":[1,2,7,3],"tags":[2491,303,16,112,2650,498,81,3895],"class_list":["post-8547","post","type-post","status-publish","format-standard","has-post-thumbnail","hentry","category-diario-armstrong","category-locales","category-politica","category-region","tag-2491","tag-correa","tag-el","tag-entrego","tag-gno","tag-millones","tag-para","tag-pcia"],"jetpack_publicize_connections":[],"jetpack_featured_media_url":"https:\/\/armstrongyregion.com.ar\/diario\/wp-content\/uploads\/2016\/07\/Fondo-de-Obras-Menores.jpg","jetpack_shortlink":"https:\/\/wp.me\/p62QDO-2dR","jetpack_sharing_enabled":true,"amp_enabled":true,"_links":{"self":[{"href":"https:\/\/armstrongyregion.com.ar\/diario\/wp-json\/wp\/v2\/posts\/8547","targetHints":{"allow":["GET"]}}],"collection":[{"href":"https:\/\/armstrongyregion.com.ar\/diario\/wp-json\/wp\/v2\/posts"}],"about":[{"href":"https:\/\/armstrongyregion.com.ar\/diario\/wp-json\/wp\/v2\/types\/post"}],"author":[{"embeddable":true,"href":"https:\/\/armstrongyregion.com.ar\/diario\/wp-json\/wp\/v2\/users\/2"}],"replies":[{"embeddable":true,"href":"https:\/\/armstrongyregion.com.ar\/diario\/wp-json\/wp\/v2\/comments?post=8547"}],"version-history":[{"count":0,"href":"https:\/\/armstrongyregion.com.ar\/diario\/wp-json\/wp\/v2\/posts\/8547\/revisions"}],"wp:featuredmedia":[{"embeddable":true,"href":"https:\/\/armstrongyregion.com.ar\/diario\/wp-json\/wp\/v2\/media\/8548"}],"wp:attachment":[{"href":"https:\/\/armstrongyregion.com.ar\/diario\/wp-json\/wp\/v2\/media?parent=8547"}],"wp:term":[{"taxonomy":"category","embeddable":true,"href":"https:\/\/armstrongyregion.com.ar\/diario\/wp-json\/wp\/v2\/categories?post=8547"},{"taxonomy":"post_tag","embeddable":true,"href":"https:\/\/armstrongyregion.com.ar\/diario\/wp-json\/wp\/v2\/tags?post=8547"}],"curies":[{"name":"wp","href":"https:\/\/api.w.org\/{rel}","templated":true}]}}