{"id":853,"date":"2015-02-15T15:31:26","date_gmt":"2015-02-15T15:31:26","guid":{"rendered":"https:\/\/armstrongyregion.com.ar\/diario\/?p=853"},"modified":"2015-02-15T15:31:26","modified_gmt":"2015-02-15T15:31:26","slug":"barletta-presento-su-lista-de-diputados","status":"publish","type":"post","link":"https:\/\/armstrongyregion.com.ar\/diario\/barletta-presento-su-lista-de-diputados\/","title":{"rendered":"Barletta present\u00f3 su lista de diputados."},"content":{"rendered":"<p><a href=\"http:\/\/armstrongyregion.com.ar\/diario\/wp-content\/uploads\/2015\/02\/3528_m.jpg\"><img loading=\"lazy\" decoding=\"async\" class=\"alignnone size-medium wp-image-854\" src=\"http:\/\/armstrongyregion.com.ar\/diario\/wp-content\/uploads\/2015\/02\/3528_m-300x202.jpg\" alt=\"Mario Barletta\" width=\"300\" height=\"202\" srcset=\"https:\/\/armstrongyregion.com.ar\/diario\/wp-content\/uploads\/2015\/02\/3528_m-300x202.jpg 300w, https:\/\/armstrongyregion.com.ar\/diario\/wp-content\/uploads\/2015\/02\/3528_m.jpg 349w\" sizes=\"auto, (max-width: 300px) 100vw, 300px\" \/><\/a>Los 10 precandidatos a diputados por la lista Firmeza para Avanzar, fueron presentados anoche. Ellos son: Rub\u00e9n Giustiniani, Fabi\u00e1n Palo Oliver, Silvia Augsburguer, Alejandro Boscarol, Ariel Berm\u00fadez, Patricia Tepp, Gustavo Daverio, Sergio Liberati, D\u00e9bora Marzioni y Germ\u00e1n Sacabuzzo.<\/p>\n<p>Rub\u00e9n Giustiniani, nacido en Rosario, de profesi\u00f3n Ingeniero Civil. Actualmente es senador nacional y fue reconocido como el mejor legislador en reiteradas oportunidades ( 2009, 2010, 2012, 2013, 2014). Fue tambi\u00e9n decano de la Facultad de Ciencias Exactas e Ingenier\u00eda de la Universidad Nacional de Rosario.<\/p>\n<p>Fabi\u00e1n Palo Oliver, naci\u00f3 en La Paz (Entre R\u00edos) pero desde muy joven vive en Santo Tom\u00e9, ciudad de la que es actualmente, y por segunda vez consecutiva, intendente.<\/p>\n<p>Silvia Augsburguer, rosarina de nacimiento, egres\u00f3 como Bioqu\u00edmica de la Universidad Nacional de Rosario. Fue diputada nacional en el per\u00edodo 2005-2009 donde integr\u00f3 diversas comisiones.<\/p>\n<p>Alejandro Boscarol es arquitecto. Nacido en Santa Fe, acompa\u00f1\u00f3 las gestiones de Barletta primero en la Universidad Nacional del Litoral y luego en la Municipalidad de Santa Fe, donde se desempe\u00f1\u00f3 como secretario de Desarrollo Social.<\/p>\n<p>Ariel Berm\u00fadez es presidente de la CC-ARI en la provincia de Santa Fe. En la actualidad, es diputado provincial. Abogado de profesi\u00f3n, Berm\u00fadez reside en Pueblo Esther.<\/p>\n<p>Patricia Tepp es santotomesina. Licenciada en Trabajo Social, cuenta con gran experiencia laboral en situaciones sociales con grupos vulnerables. Actualmente es responsable de los programas sociales de vivienda de Centro y Norte en la Direcci\u00f3n Provincial de Vivienda y Urbanismo de la Provincia de Santa Fe.<\/p>\n<p>Gustavo Daverio es abogado y docente de Derecho P\u00fablico y Municipal en la Facultad de Ciencias Jur\u00eddicas y Sociales de la UNL , con especializaci\u00f3n en Derecho Parlamentario y Electoral y con experiencia laboral y acad\u00e9mica y en temas de municipalismo y participaci\u00f3n ciudadana.<\/p>\n<p>Sergio Liberati fue concejal de la ciudad de Rosario y diputado provincial. Tambi\u00e9n desempe\u00f1\u00f3 funciones en la gesti\u00f3n del gobierno de Bonfatti en el Ministerio de Cultura e Innovaci\u00f3n.<\/p>\n<p>D\u00e9bora Marzioni fue concejal de Rold\u00e1n en el per\u00edodo 2007-2011 y actualmente es vicepresidente de la CC-ARI en la provincia de Santa Fe.<\/p>\n<p>Germ\u00e1n Scabuzzo, actualmente es miembro del gabinete del Rector en la Universidad nacional de Rosario<\/p>\n<p>Sobre las conformaci\u00f3n de la lista, Barletta expres\u00f3: \u201cEn lo personal, estoy verdaderamente orgulloso del equipo que supimos reunir como precandidatos a diputados. Con un verdadero esp\u00edritu frentista, hemos sabido representar a las fuerzas pol\u00edticas que compartimos el Frente Progresista C\u00edvico y Social, pero tambi\u00e9n a las regiones de la provincia. Porque debemos recordar que el Frente Progresista es una reuni\u00f3n de partidos pol\u00edticos que se reunieron para cambiar la manera de hacer pol\u00edtica en la provincia de Santa Fe, sustentada fundamentalmente en los valores. Y eso es lo que vamos a hacer!\u201d<\/p>\n<p>Adem\u00e1s, el precandidato a gobernador por la lista Firmeza para Avanzar, asegur\u00f3 que \u201cVamos a elevar el est\u00e1ndar de esos valores, que la marca del Frente Progresista siga siendo su compromiso con los valores, con la \u00e9tica y la transparencia\u201d.<\/p>\n<p>\u201cEstamos cada vez con mayores energ\u00edas, fuerzas y ganas de llevar este proyecto adelante\u201d, finaliz\u00f3 Barletta.<\/p>\n","protected":false},"excerpt":{"rendered":"<p>Los 10 precandidatos a diputados por la lista Firmeza para Avanzar, fueron presentados anoche. Ellos son: Rub\u00e9n Giustiniani, Fabi\u00e1n Palo Oliver, Silvia Augsburguer, Alejandro Boscarol, Ariel Berm\u00fadez, Patricia Tepp, Gustavo Daverio, Sergio Liberati, D\u00e9bora Marzioni y Germ\u00e1n Sacabuzzo. Rub\u00e9n Giustiniani, nacido en Rosario, de profesi\u00f3n Ingeniero Civil. Actualmente es senador nacional y fue reconocido como <a href=\"https:\/\/armstrongyregion.com.ar\/diario\/barletta-presento-su-lista-de-diputados\/\" title=\"Read more\" >&#8230;<\/a><\/p>\n","protected":false},"author":2,"featured_media":854,"comment_status":"open","ping_status":"open","sticky":false,"template":"","format":"standard","meta":{"_jetpack_memberships_contains_paid_content":false,"footnotes":"","jetpack_publicize_message":"","jetpack_publicize_feature_enabled":true,"jetpack_social_post_already_shared":false,"jetpack_social_options":{"image_generator_settings":{"template":"highway","default_image_id":0,"enabled":false},"version":2}},"categories":[1,7],"tags":[827,19,829,828,25,35],"class_list":["post-853","post","type-post","status-publish","format-standard","has-post-thumbnail","hentry","category-diario-armstrong","category-politica","tag-barletta","tag-de","tag-diputados","tag-lista","tag-presento","tag-su"],"jetpack_publicize_connections":[],"jetpack_featured_media_url":"https:\/\/armstrongyregion.com.ar\/diario\/wp-content\/uploads\/2015\/02\/3528_m.jpg","jetpack_shortlink":"https:\/\/wp.me\/p62QDO-dL","jetpack_sharing_enabled":true,"amp_enabled":true,"_links":{"self":[{"href":"https:\/\/armstrongyregion.com.ar\/diario\/wp-json\/wp\/v2\/posts\/853","targetHints":{"allow":["GET"]}}],"collection":[{"href":"https:\/\/armstrongyregion.com.ar\/diario\/wp-json\/wp\/v2\/posts"}],"about":[{"href":"https:\/\/armstrongyregion.com.ar\/diario\/wp-json\/wp\/v2\/types\/post"}],"author":[{"embeddable":true,"href":"https:\/\/armstrongyregion.com.ar\/diario\/wp-json\/wp\/v2\/users\/2"}],"replies":[{"embeddable":true,"href":"https:\/\/armstrongyregion.com.ar\/diario\/wp-json\/wp\/v2\/comments?post=853"}],"version-history":[{"count":0,"href":"https:\/\/armstrongyregion.com.ar\/diario\/wp-json\/wp\/v2\/posts\/853\/revisions"}],"wp:featuredmedia":[{"embeddable":true,"href":"https:\/\/armstrongyregion.com.ar\/diario\/wp-json\/wp\/v2\/media\/854"}],"wp:attachment":[{"href":"https:\/\/armstrongyregion.com.ar\/diario\/wp-json\/wp\/v2\/media?parent=853"}],"wp:term":[{"taxonomy":"category","embeddable":true,"href":"https:\/\/armstrongyregion.com.ar\/diario\/wp-json\/wp\/v2\/categories?post=853"},{"taxonomy":"post_tag","embeddable":true,"href":"https:\/\/armstrongyregion.com.ar\/diario\/wp-json\/wp\/v2\/tags?post=853"}],"curies":[{"name":"wp","href":"https:\/\/api.w.org\/{rel}","templated":true}]}}