{"id":8516,"date":"2016-07-04T04:50:36","date_gmt":"2016-07-04T04:50:36","guid":{"rendered":"https:\/\/armstrongyregion.com.ar\/diario\/?p=8516"},"modified":"2016-07-04T04:50:36","modified_gmt":"2016-07-04T04:50:36","slug":"accidente-fatal-en-san-genaro-murio-matrimonio-y-esta-muy-grave-una-nina","status":"publish","type":"post","link":"https:\/\/armstrongyregion.com.ar\/diario\/accidente-fatal-en-san-genaro-murio-matrimonio-y-esta-muy-grave-una-nina\/","title":{"rendered":"Accidente fatal en San Genaro: muri\u00f3 matrimonio y est\u00e1 muy grave una ni\u00f1a."},"content":{"rendered":"<p><a href=\"http:\/\/armstrongyregion.com.ar\/diario\/wp-content\/uploads\/2016\/07\/san_genaro.jpg_1305449671.jpg\"><img loading=\"lazy\" decoding=\"async\" src=\"http:\/\/armstrongyregion.com.ar\/diario\/wp-content\/uploads\/2016\/07\/san_genaro.jpg_1305449671.jpg\" alt=\"san_genaro.jpg_1305449671\" width=\"847\" height=\"476\" class=\"alignnone size-full wp-image-8517\" srcset=\"https:\/\/armstrongyregion.com.ar\/diario\/wp-content\/uploads\/2016\/07\/san_genaro.jpg_1305449671.jpg 847w, https:\/\/armstrongyregion.com.ar\/diario\/wp-content\/uploads\/2016\/07\/san_genaro.jpg_1305449671-300x169.jpg 300w\" sizes=\"auto, (max-width: 847px) 100vw, 847px\" \/><\/a>Ocurri\u00f3 este domingo a la madrugada en la ruta provincial 65. Un Chevrolet Meriva choc\u00f3 contra un \u00e1rbol por causas que se investigan. El conductor del veh\u00edculo y su mujer fallecieron en el acto. La hija de ambos, de 6 a\u00f1os, permanec\u00eda internada en estado delicado<\/p>\n<p>Un matrimonio muri\u00f3 este domingo y su hija result\u00f3 gravemente herida tras chocar el auto en el que viajaban contra un \u00e1rbol, en la ciudad santafesina de San Genaro, informaron fuentes policiales.<\/p>\n<p>El hecho ocurri\u00f3 este domingo a la ma\u00f1ana, sobre la ruta provincial 65, en el acceso a dicha ciudad ubicada 120 kil\u00f3metros al sudoeste de Santa Fe Capital, donde Sergio David Santarelli (35), su esposa Romina Lidia Valenzuela (32) y la hija de ambos, de 6 a\u00f1os, iban a bordo de un Chevrolet Meriva.<\/p>\n<p>Fuentes policiales informaron a la agencia T\u00e9lam que por causas que se investigan, el veh\u00edculo se sali\u00f3 del camino y choc\u00f3 contra un \u00e1rbol, lo que provoc\u00f3 la muerte del matrimonio y graves heridas a las ni\u00f1a.<\/p>\n<p>Tras la colisi\u00f3n, que se produjo cuando todav\u00eda no hab\u00eda amanecido, la v\u00edctima herida fue trasladada por un servicio de emergencias a un sanatorio de San Genaro donde permanec\u00eda internada en grave estado, dijeron los informantes.<\/p>\n<p>Las causas del siniestro son investigadas por personal de la Polic\u00eda Cient\u00edfica de la Unidad Regional XV y de la Fiscal\u00eda en turno del Ministerio P\u00fablico de la Acusaci\u00f3n.<\/p>\n<p>Fuente: T\u00e9lam<\/p>\n","protected":false},"excerpt":{"rendered":"<p>Ocurri\u00f3 este domingo a la madrugada en la ruta provincial 65. Un Chevrolet Meriva choc\u00f3 contra un \u00e1rbol por causas que se investigan. El conductor del veh\u00edculo y su mujer fallecieron en el acto. La hija de ambos, de 6 a\u00f1os, permanec\u00eda internada en estado delicado Un matrimonio muri\u00f3 este domingo y su hija result\u00f3 <a href=\"https:\/\/armstrongyregion.com.ar\/diario\/accidente-fatal-en-san-genaro-murio-matrimonio-y-esta-muy-grave-una-nina\/\" title=\"Read more\" >&#8230;<\/a><\/p>\n","protected":false},"author":2,"featured_media":8517,"comment_status":"open","ping_status":"open","sticky":false,"template":"","format":"standard","meta":{"_jetpack_memberships_contains_paid_content":false,"footnotes":"","jetpack_publicize_message":"","jetpack_publicize_feature_enabled":true,"jetpack_social_post_already_shared":false,"jetpack_social_options":{"image_generator_settings":{"template":"highway","default_image_id":0,"enabled":false},"version":2}},"categories":[1,2852,3],"tags":[694,15,695,4137],"class_list":["post-8516","post","type-post","status-publish","format-standard","has-post-thumbnail","hentry","category-diario-armstrong","category-policiales","category-region","tag-accidente","tag-en","tag-fatal","tag-san-genaro"],"jetpack_publicize_connections":[],"jetpack_featured_media_url":"https:\/\/armstrongyregion.com.ar\/diario\/wp-content\/uploads\/2016\/07\/san_genaro.jpg_1305449671.jpg","jetpack_shortlink":"https:\/\/wp.me\/p62QDO-2dm","jetpack_sharing_enabled":true,"amp_enabled":true,"_links":{"self":[{"href":"https:\/\/armstrongyregion.com.ar\/diario\/wp-json\/wp\/v2\/posts\/8516","targetHints":{"allow":["GET"]}}],"collection":[{"href":"https:\/\/armstrongyregion.com.ar\/diario\/wp-json\/wp\/v2\/posts"}],"about":[{"href":"https:\/\/armstrongyregion.com.ar\/diario\/wp-json\/wp\/v2\/types\/post"}],"author":[{"embeddable":true,"href":"https:\/\/armstrongyregion.com.ar\/diario\/wp-json\/wp\/v2\/users\/2"}],"replies":[{"embeddable":true,"href":"https:\/\/armstrongyregion.com.ar\/diario\/wp-json\/wp\/v2\/comments?post=8516"}],"version-history":[{"count":0,"href":"https:\/\/armstrongyregion.com.ar\/diario\/wp-json\/wp\/v2\/posts\/8516\/revisions"}],"wp:featuredmedia":[{"embeddable":true,"href":"https:\/\/armstrongyregion.com.ar\/diario\/wp-json\/wp\/v2\/media\/8517"}],"wp:attachment":[{"href":"https:\/\/armstrongyregion.com.ar\/diario\/wp-json\/wp\/v2\/media?parent=8516"}],"wp:term":[{"taxonomy":"category","embeddable":true,"href":"https:\/\/armstrongyregion.com.ar\/diario\/wp-json\/wp\/v2\/categories?post=8516"},{"taxonomy":"post_tag","embeddable":true,"href":"https:\/\/armstrongyregion.com.ar\/diario\/wp-json\/wp\/v2\/tags?post=8516"}],"curies":[{"name":"wp","href":"https:\/\/api.w.org\/{rel}","templated":true}]}}