{"id":8483,"date":"2016-07-01T01:24:44","date_gmt":"2016-07-01T01:24:44","guid":{"rendered":"https:\/\/armstrongyregion.com.ar\/diario\/?p=8483"},"modified":"2016-07-01T01:24:44","modified_gmt":"2016-07-01T01:24:44","slug":"familiares-de-uriel-valentin-reconocieron-el-cuerpo-hallado-en-el-carcarana","status":"publish","type":"post","link":"https:\/\/armstrongyregion.com.ar\/diario\/familiares-de-uriel-valentin-reconocieron-el-cuerpo-hallado-en-el-carcarana\/","title":{"rendered":"Familiares de Uriel Valent\u00edn reconocieron el cuerpo hallado en el Carcara\u00f1\u00e1."},"content":{"rendered":"<p><a href=\"http:\/\/armstrongyregion.com.ar\/diario\/wp-content\/uploads\/2016\/07\/rio_carcaraxa2.jpg_1572130063.jpg\"><img loading=\"lazy\" decoding=\"async\" src=\"http:\/\/armstrongyregion.com.ar\/diario\/wp-content\/uploads\/2016\/07\/rio_carcaraxa2.jpg_1572130063.jpg\" alt=\"rio_carcaraxa2.jpg_1572130063\" width=\"760\" height=\"428\" class=\"alignnone size-full wp-image-8484\" srcset=\"https:\/\/armstrongyregion.com.ar\/diario\/wp-content\/uploads\/2016\/07\/rio_carcaraxa2.jpg_1572130063.jpg 760w, https:\/\/armstrongyregion.com.ar\/diario\/wp-content\/uploads\/2016\/07\/rio_carcaraxa2.jpg_1572130063-300x169.jpg 300w\" sizes=\"auto, (max-width: 760px) 100vw, 760px\" \/><\/a>El cad\u00e1ver encontrado el mi\u00e9rcoles en el r\u00edo, a la altura de Timb\u00faes, corresponde al chico que hab\u00eda desaparecido el 12 de mayo en Correa. Seg\u00fan el informe preliminar de la autopsia, se ahog\u00f3 a los pocos minutos de caer al agua.<br \/>\nLos familiares de Uriel Valent\u00edn Moreno, el chico de 3 a\u00f1os que hab\u00eda desaparecido el 12 de mayo pasado en Correa, reconocieron el cuerpo hallado en el r\u00edo Carcara\u00f1\u00e1, a la altura de Timb\u00faes.<\/p>\n<p>Seg\u00fan informaron de Fiscal\u00eda, la idea preliminar era hacer solo una identificaci\u00f3n de las prendas encontradas y esperar el ADN, dado el estado avanzado de deterioro tras un mes y medio en el agua. Sin embargo, la familia accedi\u00f3 a realizar el reconocimiento del cuerpo dando certeza que se trata de \u00e9l.<\/p>\n<p>La inspecci\u00f3n se realiz\u00f3 este jueves pasado el medio d\u00eda en el Instituto M\u00e9dico Legal (IML) de Rosario.<\/p>\n<p>Por otro lado, el informe preliminar de la autopsia arroj\u00f3 como causa de fallecimiento el ahogamiento. La muerte se habr\u00eda producido a los pocos minutos de ingresar al agua, se\u00f1alaron las fuentes.<\/p>\n<p>Desde la fiscal\u00eda de San Lorenzo se inici\u00f3 el tr\u00e1mite para la entrega del cuerpo a la familia.<\/p>\n<p>El cuerpo de Uriel Valent\u00edn fue hallado este mi\u00e9rcoles tras ser divisado por un pescador que dio aviso a la Polic\u00eda. La fiscal que tiene a su cargo la causa -que era por el paradero del chico- Natalia Benvenutto, adelant\u00f3 el mi\u00e9rcoles a Telenoche (El Tres) que el cad\u00e1ver corresponder\u00eda al menor.<\/p>\n<p>Uriel era buscado desde el 12 de mayo cuando con una hermanita jugaban en el patio trasero de su casa, que est\u00e1 sobre las barrancas del r\u00edo Carcara\u00f1\u00e1. Por eso desde el principio se presum\u00eda podr\u00eda haber ca\u00eddo al agua. La desaparici\u00f3n gener\u00f3 conmoci\u00f3n en el peque\u00f1o pueblo de 6.000 habitantes y su b\u00fasqueda moviliz\u00f3 a varias fuerzas.<\/p>\n","protected":false},"excerpt":{"rendered":"<p>El cad\u00e1ver encontrado el mi\u00e9rcoles en el r\u00edo, a la altura de Timb\u00faes, corresponde al chico que hab\u00eda desaparecido el 12 de mayo en Correa. Seg\u00fan el informe preliminar de la autopsia, se ahog\u00f3 a los pocos minutos de caer al agua. Los familiares de Uriel Valent\u00edn Moreno, el chico de 3 a\u00f1os que hab\u00eda <a href=\"https:\/\/armstrongyregion.com.ar\/diario\/familiares-de-uriel-valentin-reconocieron-el-cuerpo-hallado-en-el-carcarana\/\" title=\"Read more\" >&#8230;<\/a><\/p>\n","protected":false},"author":2,"featured_media":8484,"comment_status":"open","ping_status":"open","sticky":false,"template":"","format":"standard","meta":{"_jetpack_memberships_contains_paid_content":false,"footnotes":"","jetpack_publicize_message":"","jetpack_publicize_feature_enabled":true,"jetpack_social_post_already_shared":false,"jetpack_social_options":{"image_generator_settings":{"template":"highway","default_image_id":0,"enabled":false},"version":2}},"categories":[1,2852,3],"tags":[1117,19,16,2459,4130,4129],"class_list":["post-8483","post","type-post","status-publish","format-standard","has-post-thumbnail","hentry","category-diario-armstrong","category-policiales","category-region","tag-cuerpo","tag-de","tag-el","tag-familiares","tag-reconocieron","tag-uriel"],"jetpack_publicize_connections":[],"jetpack_featured_media_url":"https:\/\/armstrongyregion.com.ar\/diario\/wp-content\/uploads\/2016\/07\/rio_carcaraxa2.jpg_1572130063.jpg","jetpack_shortlink":"https:\/\/wp.me\/p62QDO-2cP","jetpack_sharing_enabled":true,"amp_enabled":true,"_links":{"self":[{"href":"https:\/\/armstrongyregion.com.ar\/diario\/wp-json\/wp\/v2\/posts\/8483","targetHints":{"allow":["GET"]}}],"collection":[{"href":"https:\/\/armstrongyregion.com.ar\/diario\/wp-json\/wp\/v2\/posts"}],"about":[{"href":"https:\/\/armstrongyregion.com.ar\/diario\/wp-json\/wp\/v2\/types\/post"}],"author":[{"embeddable":true,"href":"https:\/\/armstrongyregion.com.ar\/diario\/wp-json\/wp\/v2\/users\/2"}],"replies":[{"embeddable":true,"href":"https:\/\/armstrongyregion.com.ar\/diario\/wp-json\/wp\/v2\/comments?post=8483"}],"version-history":[{"count":0,"href":"https:\/\/armstrongyregion.com.ar\/diario\/wp-json\/wp\/v2\/posts\/8483\/revisions"}],"wp:featuredmedia":[{"embeddable":true,"href":"https:\/\/armstrongyregion.com.ar\/diario\/wp-json\/wp\/v2\/media\/8484"}],"wp:attachment":[{"href":"https:\/\/armstrongyregion.com.ar\/diario\/wp-json\/wp\/v2\/media?parent=8483"}],"wp:term":[{"taxonomy":"category","embeddable":true,"href":"https:\/\/armstrongyregion.com.ar\/diario\/wp-json\/wp\/v2\/categories?post=8483"},{"taxonomy":"post_tag","embeddable":true,"href":"https:\/\/armstrongyregion.com.ar\/diario\/wp-json\/wp\/v2\/tags?post=8483"}],"curies":[{"name":"wp","href":"https:\/\/api.w.org\/{rel}","templated":true}]}}