{"id":8480,"date":"2016-07-01T01:15:35","date_gmt":"2016-07-01T01:15:35","guid":{"rendered":"https:\/\/armstrongyregion.com.ar\/diario\/?p=8480"},"modified":"2016-07-01T01:15:35","modified_gmt":"2016-07-01T01:15:35","slug":"aparecio-la-mochilera-uruguaya","status":"publish","type":"post","link":"https:\/\/armstrongyregion.com.ar\/diario\/aparecio-la-mochilera-uruguaya\/","title":{"rendered":"Apareci\u00f3 la mochilera  Uruguaya."},"content":{"rendered":"<p><a href=\"http:\/\/armstrongyregion.com.ar\/diario\/wp-content\/uploads\/2016\/07\/desaparecida.jpg\"><img loading=\"lazy\" decoding=\"async\" src=\"http:\/\/armstrongyregion.com.ar\/diario\/wp-content\/uploads\/2016\/07\/desaparecida.jpg\" alt=\"desaparecida\" width=\"474\" height=\"385\" class=\"alignnone size-full wp-image-8481\" srcset=\"https:\/\/armstrongyregion.com.ar\/diario\/wp-content\/uploads\/2016\/07\/desaparecida.jpg 474w, https:\/\/armstrongyregion.com.ar\/diario\/wp-content\/uploads\/2016\/07\/desaparecida-300x244.jpg 300w\" sizes=\"auto, (max-width: 474px) 100vw, 474px\" \/><\/a>Seg\u00fan informaci\u00f3n dada a conocer por el Jefe de la Comisar\u00eda 3ra de Armstrong, y seg\u00fan documentaci\u00f3n remitida por la oficina de migraciones de la Naci\u00f3n Delegaci\u00f3n Entre R\u00edos, la joven mochilera uruguaya, Mar\u00eda Bel\u00e9n Cal Cuadrado, de 36 a\u00f1os, cruzo a su pa\u00eds por el paso fronterizo Col\u00f3n-Paysandu, el d\u00eda jueves 22 de junio \u00faltimo. La denuncia de b\u00fasqueda de paradero hab\u00eda sido realizada por su compa\u00f1ero de viaje Luis Telesca Duarte en una dependencia de Ca\u00f1ada de G\u00f3mez, los dos mochileros hab\u00edan pasado por Armstrong, (viajaban haciendo dedo) el viernes 17 y s\u00e1bado 18 de este mes. Se especula que la mujer continuo su viaje sola y es por eso que el hombre al separarse de ella en Armstrong y perder contacto, decidi\u00f3 hacer la denuncia en Ca\u00f1ada de G\u00f3mez.<br \/>\nSe supo  que la mujer no pose\u00eda conocimientos ya que le hab\u00edan robado su mochila con dinero y celulares en la ciudad de C\u00f3rdoba.<\/p>\n","protected":false},"excerpt":{"rendered":"<p>Seg\u00fan informaci\u00f3n dada a conocer por el Jefe de la Comisar\u00eda 3ra de Armstrong, y seg\u00fan documentaci\u00f3n remitida por la oficina de migraciones de la Naci\u00f3n Delegaci\u00f3n Entre R\u00edos, la joven mochilera uruguaya, Mar\u00eda Bel\u00e9n Cal Cuadrado, de 36 a\u00f1os, cruzo a su pa\u00eds por el paso fronterizo Col\u00f3n-Paysandu, el d\u00eda jueves 22 de junio <a href=\"https:\/\/armstrongyregion.com.ar\/diario\/aparecio-la-mochilera-uruguaya\/\" title=\"Read more\" >&#8230;<\/a><\/p>\n","protected":false},"author":2,"featured_media":8481,"comment_status":"open","ping_status":"open","sticky":false,"template":"","format":"standard","meta":{"_jetpack_memberships_contains_paid_content":false,"footnotes":"","jetpack_publicize_message":"","jetpack_publicize_feature_enabled":true,"jetpack_social_post_already_shared":false,"jetpack_social_options":{"image_generator_settings":{"template":"highway","default_image_id":0,"enabled":false},"version":2}},"categories":[1,2,2852,3],"tags":[1933,4107,4128],"class_list":["post-8480","post","type-post","status-publish","format-standard","has-post-thumbnail","hentry","category-diario-armstrong","category-locales","category-policiales","category-region","tag-aparecio","tag-mochilera","tag-uruguaya"],"jetpack_publicize_connections":[],"jetpack_featured_media_url":"https:\/\/armstrongyregion.com.ar\/diario\/wp-content\/uploads\/2016\/07\/desaparecida.jpg","jetpack_shortlink":"https:\/\/wp.me\/p62QDO-2cM","jetpack_sharing_enabled":true,"amp_enabled":true,"_links":{"self":[{"href":"https:\/\/armstrongyregion.com.ar\/diario\/wp-json\/wp\/v2\/posts\/8480","targetHints":{"allow":["GET"]}}],"collection":[{"href":"https:\/\/armstrongyregion.com.ar\/diario\/wp-json\/wp\/v2\/posts"}],"about":[{"href":"https:\/\/armstrongyregion.com.ar\/diario\/wp-json\/wp\/v2\/types\/post"}],"author":[{"embeddable":true,"href":"https:\/\/armstrongyregion.com.ar\/diario\/wp-json\/wp\/v2\/users\/2"}],"replies":[{"embeddable":true,"href":"https:\/\/armstrongyregion.com.ar\/diario\/wp-json\/wp\/v2\/comments?post=8480"}],"version-history":[{"count":0,"href":"https:\/\/armstrongyregion.com.ar\/diario\/wp-json\/wp\/v2\/posts\/8480\/revisions"}],"wp:featuredmedia":[{"embeddable":true,"href":"https:\/\/armstrongyregion.com.ar\/diario\/wp-json\/wp\/v2\/media\/8481"}],"wp:attachment":[{"href":"https:\/\/armstrongyregion.com.ar\/diario\/wp-json\/wp\/v2\/media?parent=8480"}],"wp:term":[{"taxonomy":"category","embeddable":true,"href":"https:\/\/armstrongyregion.com.ar\/diario\/wp-json\/wp\/v2\/categories?post=8480"},{"taxonomy":"post_tag","embeddable":true,"href":"https:\/\/armstrongyregion.com.ar\/diario\/wp-json\/wp\/v2\/tags?post=8480"}],"curies":[{"name":"wp","href":"https:\/\/api.w.org\/{rel}","templated":true}]}}