{"id":8428,"date":"2016-06-28T21:06:32","date_gmt":"2016-06-28T21:06:32","guid":{"rendered":"https:\/\/armstrongyregion.com.ar\/diario\/?p=8428"},"modified":"2016-06-28T21:06:32","modified_gmt":"2016-06-28T21:06:32","slug":"la-muestra-forma-y-color-se-expuso-en-montes-de-oca%e2%80%8f","status":"publish","type":"post","link":"https:\/\/armstrongyregion.com.ar\/diario\/la-muestra-forma-y-color-se-expuso-en-montes-de-oca%e2%80%8f\/","title":{"rendered":"La Muestra \u201cForma y Color\u201d se expuso en Montes de Oca\u200f."},"content":{"rendered":"<p><a href=\"http:\/\/armstrongyregion.com.ar\/diario\/wp-content\/uploads\/2016\/06\/mtes-de-Oca-.jpg\"><img loading=\"lazy\" decoding=\"async\" src=\"http:\/\/armstrongyregion.com.ar\/diario\/wp-content\/uploads\/2016\/06\/mtes-de-Oca-.jpg\" alt=\"mtes-de-Oca-\" width=\"768\" height=\"576\" class=\"alignnone size-full wp-image-8429\" srcset=\"https:\/\/armstrongyregion.com.ar\/diario\/wp-content\/uploads\/2016\/06\/mtes-de-Oca-.jpg 768w, https:\/\/armstrongyregion.com.ar\/diario\/wp-content\/uploads\/2016\/06\/mtes-de-Oca--300x225.jpg 300w\" sizes=\"auto, (max-width: 768px) 100vw, 768px\" \/><\/a>La muestra itinerante \u201cForma y Color\u201d dependiente del Ente Cultural Santafesino, se expuso en la localidad de Montes de Oca.<\/p>\n<p>Durante el s\u00e1bado 25 y el domingo 26 en la Biblioteca Popular Rivadavia se dio apertura a esta exposici\u00f3n integrada por obras de artistas pl\u00e1sticos de las distintas localidades de la zona cultural que integran dicha Usina I (centro-norte).<\/p>\n<p>El Programa Cultural denominado \u201cForma y Color\u201d posee como finalidad organizar m\u00faltiples y diversas muestras de Artistas Pl\u00e1sticos, los cuales expondr\u00e1n sus trabajos en las diversas jornadas programadas dentro de las Usinas Culturales y de la Galer\u00eda Virtual \u201cGuillermina Milocco\u201d , originando un espacio de interacci\u00f3n entre distintas personalidades (artistas), t\u00e9cnicas, y habitantes de nuestra regi\u00f3n.<\/p>\n<p>La Secretaria de Cultura de Montes de Oca expreso su satisfacci\u00f3n de contar con la presencia de esta producci\u00f3n cooperativa e integral que llega a cada localidad perteneciente a dicha Usina Cultural.<\/p>\n","protected":false},"excerpt":{"rendered":"<p>La muestra itinerante \u201cForma y Color\u201d dependiente del Ente Cultural Santafesino, se expuso en la localidad de Montes de Oca. Durante el s\u00e1bado 25 y el domingo 26 en la Biblioteca Popular Rivadavia se dio apertura a esta exposici\u00f3n integrada por obras de artistas pl\u00e1sticos de las distintas localidades de la zona cultural que integran <a href=\"https:\/\/armstrongyregion.com.ar\/diario\/la-muestra-forma-y-color-se-expuso-en-montes-de-oca%e2%80%8f\/\" title=\"Read more\" >&#8230;<\/a><\/p>\n","protected":false},"author":2,"featured_media":8429,"comment_status":"open","ping_status":"open","sticky":false,"template":"","format":"standard","meta":{"_jetpack_memberships_contains_paid_content":false,"footnotes":"","jetpack_publicize_message":"","jetpack_publicize_feature_enabled":true,"jetpack_social_post_already_shared":false,"jetpack_social_options":{"image_generator_settings":{"template":"highway","default_image_id":0,"enabled":false},"version":2}},"categories":[6,1,3],"tags":[],"class_list":["post-8428","post","type-post","status-publish","format-standard","has-post-thumbnail","hentry","category-cultura-entretenimiento","category-diario-armstrong","category-region"],"jetpack_publicize_connections":[],"jetpack_featured_media_url":"https:\/\/armstrongyregion.com.ar\/diario\/wp-content\/uploads\/2016\/06\/mtes-de-Oca-.jpg","jetpack_shortlink":"https:\/\/wp.me\/p62QDO-2bW","jetpack_sharing_enabled":true,"amp_enabled":true,"_links":{"self":[{"href":"https:\/\/armstrongyregion.com.ar\/diario\/wp-json\/wp\/v2\/posts\/8428","targetHints":{"allow":["GET"]}}],"collection":[{"href":"https:\/\/armstrongyregion.com.ar\/diario\/wp-json\/wp\/v2\/posts"}],"about":[{"href":"https:\/\/armstrongyregion.com.ar\/diario\/wp-json\/wp\/v2\/types\/post"}],"author":[{"embeddable":true,"href":"https:\/\/armstrongyregion.com.ar\/diario\/wp-json\/wp\/v2\/users\/2"}],"replies":[{"embeddable":true,"href":"https:\/\/armstrongyregion.com.ar\/diario\/wp-json\/wp\/v2\/comments?post=8428"}],"version-history":[{"count":0,"href":"https:\/\/armstrongyregion.com.ar\/diario\/wp-json\/wp\/v2\/posts\/8428\/revisions"}],"wp:featuredmedia":[{"embeddable":true,"href":"https:\/\/armstrongyregion.com.ar\/diario\/wp-json\/wp\/v2\/media\/8429"}],"wp:attachment":[{"href":"https:\/\/armstrongyregion.com.ar\/diario\/wp-json\/wp\/v2\/media?parent=8428"}],"wp:term":[{"taxonomy":"category","embeddable":true,"href":"https:\/\/armstrongyregion.com.ar\/diario\/wp-json\/wp\/v2\/categories?post=8428"},{"taxonomy":"post_tag","embeddable":true,"href":"https:\/\/armstrongyregion.com.ar\/diario\/wp-json\/wp\/v2\/tags?post=8428"}],"curies":[{"name":"wp","href":"https:\/\/api.w.org\/{rel}","templated":true}]}}