{"id":8420,"date":"2016-06-28T20:35:05","date_gmt":"2016-06-28T20:35:05","guid":{"rendered":"https:\/\/armstrongyregion.com.ar\/diario\/?p=8420"},"modified":"2016-06-28T20:35:05","modified_gmt":"2016-06-28T20:35:05","slug":"las-rosas-el-corte-de-transmision-de-la-sesion-del-concejo-municipal-genero-interrogantes","status":"publish","type":"post","link":"https:\/\/armstrongyregion.com.ar\/diario\/las-rosas-el-corte-de-transmision-de-la-sesion-del-concejo-municipal-genero-interrogantes\/","title":{"rendered":"Las Rosas. El corte de transmisi\u00f3n de la sesi\u00f3n del Concejo Municipal gener\u00f3 interrogantes."},"content":{"rendered":"<p><a href=\"http:\/\/armstrongyregion.com.ar\/diario\/wp-content\/uploads\/2016\/06\/Concejo-las-rosas-.jpg\"><img loading=\"lazy\" decoding=\"async\" src=\"http:\/\/armstrongyregion.com.ar\/diario\/wp-content\/uploads\/2016\/06\/Concejo-las-rosas-.jpg\" alt=\"Concejo-las-rosas-\" width=\"721\" height=\"447\" class=\"alignnone size-full wp-image-8421\" srcset=\"https:\/\/armstrongyregion.com.ar\/diario\/wp-content\/uploads\/2016\/06\/Concejo-las-rosas-.jpg 721w, https:\/\/armstrongyregion.com.ar\/diario\/wp-content\/uploads\/2016\/06\/Concejo-las-rosas--300x186.jpg 300w\" sizes=\"auto, (max-width: 721px) 100vw, 721px\" \/><\/a>Como cada lunes sesion\u00f3 el Concejo Deliberante, las alternativas se emiten por Canal 4 pero este 27 de junio se interrumpi\u00f3 la transmisi\u00f3n en forma abrupta.<\/p>\n<p>El corte de la emisi\u00f3n se produjo luego que los expectadores pudieran apreciar el ingreso del Intendente Javier Meyer al recinto. Esa situaci\u00f3n, sumada a publicaciones en redes sociales que hablaba de discusiones en el lugar, gener\u00f3 interrogantes que llevaron a Renacer Regional a consultar al Concejal Ernesto Mansilla -Presidente del cuerpo- y al jefe municipal sobre lo ocurrido.<\/p>\n<p>Ambos hablaron de una \u00abconfusi\u00f3n\u00bb que se habr\u00eda producido y que determin\u00f3 la presencia de Meyer. Y los dos hablaron tambi\u00e9n de una extensa charla que se dio con normalidad.<br \/>\nAudio Ernesto Mansilla. Pte. del Concejo-<br \/>\n<a href=\"http:\/\/armstrongyregion.com.ar\/diario\/wp-content\/uploads\/2016\/06\/Ernesto-Mansilla-.mp3\">Ernesto Mansilla-<\/a><\/p>\n<p>(Se sugiere escuchar audios completos)<br \/>\nLas Rosas Digital.<\/p>\n","protected":false},"excerpt":{"rendered":"<p>Como cada lunes sesion\u00f3 el Concejo Deliberante, las alternativas se emiten por Canal 4 pero este 27 de junio se interrumpi\u00f3 la transmisi\u00f3n en forma abrupta. El corte de la emisi\u00f3n se produjo luego que los expectadores pudieran apreciar el ingreso del Intendente Javier Meyer al recinto. Esa situaci\u00f3n, sumada a publicaciones en redes sociales <a href=\"https:\/\/armstrongyregion.com.ar\/diario\/las-rosas-el-corte-de-transmision-de-la-sesion-del-concejo-municipal-genero-interrogantes\/\" title=\"Read more\" >&#8230;<\/a><\/p>\n","protected":false},"author":2,"featured_media":8421,"comment_status":"open","ping_status":"open","sticky":false,"template":"","format":"standard","meta":{"_jetpack_memberships_contains_paid_content":false,"footnotes":"","jetpack_publicize_message":"","jetpack_publicize_feature_enabled":true,"jetpack_social_post_already_shared":false,"jetpack_social_options":{"image_generator_settings":{"template":"highway","default_image_id":0,"enabled":false},"version":2}},"categories":[1,7,3],"tags":[868,4110,19,1115,23,361,4111],"class_list":["post-8420","post","type-post","status-publish","format-standard","has-post-thumbnail","hentry","category-diario-armstrong","category-politica","category-region","tag-concejo","tag-corte","tag-de","tag-deliberante","tag-las","tag-rosas","tag-transmision"],"jetpack_publicize_connections":[],"jetpack_featured_media_url":"https:\/\/armstrongyregion.com.ar\/diario\/wp-content\/uploads\/2016\/06\/Concejo-las-rosas-.jpg","jetpack_shortlink":"https:\/\/wp.me\/p62QDO-2bO","jetpack_sharing_enabled":true,"amp_enabled":true,"_links":{"self":[{"href":"https:\/\/armstrongyregion.com.ar\/diario\/wp-json\/wp\/v2\/posts\/8420","targetHints":{"allow":["GET"]}}],"collection":[{"href":"https:\/\/armstrongyregion.com.ar\/diario\/wp-json\/wp\/v2\/posts"}],"about":[{"href":"https:\/\/armstrongyregion.com.ar\/diario\/wp-json\/wp\/v2\/types\/post"}],"author":[{"embeddable":true,"href":"https:\/\/armstrongyregion.com.ar\/diario\/wp-json\/wp\/v2\/users\/2"}],"replies":[{"embeddable":true,"href":"https:\/\/armstrongyregion.com.ar\/diario\/wp-json\/wp\/v2\/comments?post=8420"}],"version-history":[{"count":0,"href":"https:\/\/armstrongyregion.com.ar\/diario\/wp-json\/wp\/v2\/posts\/8420\/revisions"}],"wp:featuredmedia":[{"embeddable":true,"href":"https:\/\/armstrongyregion.com.ar\/diario\/wp-json\/wp\/v2\/media\/8421"}],"wp:attachment":[{"href":"https:\/\/armstrongyregion.com.ar\/diario\/wp-json\/wp\/v2\/media?parent=8420"}],"wp:term":[{"taxonomy":"category","embeddable":true,"href":"https:\/\/armstrongyregion.com.ar\/diario\/wp-json\/wp\/v2\/categories?post=8420"},{"taxonomy":"post_tag","embeddable":true,"href":"https:\/\/armstrongyregion.com.ar\/diario\/wp-json\/wp\/v2\/tags?post=8420"}],"curies":[{"name":"wp","href":"https:\/\/api.w.org\/{rel}","templated":true}]}}