{"id":8417,"date":"2016-06-28T20:21:30","date_gmt":"2016-06-28T20:21:30","guid":{"rendered":"https:\/\/armstrongyregion.com.ar\/diario\/?p=8417"},"modified":"2016-06-28T20:21:30","modified_gmt":"2016-06-28T20:21:30","slug":"canada-de-gomez-en-casa-del-bicentenario-comenzo-el-congreso-de-historia","status":"publish","type":"post","link":"https:\/\/armstrongyregion.com.ar\/diario\/canada-de-gomez-en-casa-del-bicentenario-comenzo-el-congreso-de-historia\/","title":{"rendered":"Ca\u00f1ada de G\u00f3mez. En Casa del Bicentenario comenz\u00f3 el Congreso de Historia."},"content":{"rendered":"<p><a href=\"http:\/\/armstrongyregion.com.ar\/diario\/wp-content\/uploads\/2016\/06\/congreso-historia-.jpg\"><img loading=\"lazy\" decoding=\"async\" src=\"http:\/\/armstrongyregion.com.ar\/diario\/wp-content\/uploads\/2016\/06\/congreso-historia-.jpg\" alt=\"congreso-historia-\" width=\"768\" height=\"431\" class=\"alignnone size-full wp-image-8418\" srcset=\"https:\/\/armstrongyregion.com.ar\/diario\/wp-content\/uploads\/2016\/06\/congreso-historia-.jpg 768w, https:\/\/armstrongyregion.com.ar\/diario\/wp-content\/uploads\/2016\/06\/congreso-historia--300x168.jpg 300w\" sizes=\"auto, (max-width: 768px) 100vw, 768px\" \/><\/a>Contin\u00faa este martes en el Instituto del Profesorado desde las 19.30<br \/>\nhs. con las disertaciones \u201cEl campo, sus trabajadores y sus luchas<br \/>\nhist\u00f3ricas\u201d a cargo del Lic. Miguel Catal\u00e1 y \u201cLa Historia\u2026 para qu\u00e9?\u201d a<br \/>\ncargo del Lic. Marcelo Ulloque.<\/p>\n<p>En la tarde de ayer comenz\u00f3 en Casa del Bicentenario el Congreso de<br \/>\nHistoria organizado por la municipalidad de Ca\u00f1ada de G\u00f3mez, dirigido a<br \/>\ndocentes, estudiantes y p\u00fablico en general.<br \/>\nEn la primera jornada se presentaron las disertaciones \u201cMirar lo local<br \/>\ndesde el aula: nuevos enfoques metodol\u00f3gicos y perspectivas de an\u00e1lisis\u201d<br \/>\na cargo de la Profesora Mariana Ponisio y \u201cCa\u00f1ada de G\u00f3mez, origen y<br \/>\nreparto de tierras (1866-1887)\u201d de la Lic. Carina Abate Daga.<br \/>\nEn tanto, este martes contin\u00faan las actividades en el Inst. del<br \/>\nProfesorado N\u00ba 5 \u201cPerito Moreno\u201d con las exposiciones \u201cEl campo, sus<br \/>\ntrabajadores y sus luchas hist\u00f3ricas\u201d a cargo del Lic. Miguel Catal\u00e1 y<br \/>\n\u201cLa Historia\u2026 para qu\u00e9?\u201d a cargo del Lic. Marcelo Ulloque.<br \/>\nAl respecto, el coordinador de Museos y Patrimonio Hist\u00f3rico del<br \/>\nMunicipio Pablo Di Tomaso destac\u00f3 \u201ctener nuevamente un congreso de<br \/>\nhistoria en la ciudad y con la participaci\u00f3n de profesionales ca\u00f1adenses<br \/>\nes el fruto del trabajo que se hace desde la gesti\u00f3n municipal por<br \/>\nrevalorizar la historia local\u201d.<\/p>\n","protected":false},"excerpt":{"rendered":"<p>Contin\u00faa este martes en el Instituto del Profesorado desde las 19.30 hs. con las disertaciones \u201cEl campo, sus trabajadores y sus luchas hist\u00f3ricas\u201d a cargo del Lic. Miguel Catal\u00e1 y \u201cLa Historia\u2026 para qu\u00e9?\u201d a cargo del Lic. Marcelo Ulloque. En la tarde de ayer comenz\u00f3 en Casa del Bicentenario el Congreso de Historia organizado <a href=\"https:\/\/armstrongyregion.com.ar\/diario\/canada-de-gomez-en-casa-del-bicentenario-comenzo-el-congreso-de-historia\/\" title=\"Read more\" >&#8230;<\/a><\/p>\n","protected":false},"author":2,"featured_media":8418,"comment_status":"open","ping_status":"open","sticky":false,"template":"","format":"standard","meta":{"_jetpack_memberships_contains_paid_content":false,"footnotes":"","jetpack_publicize_message":"","jetpack_publicize_feature_enabled":true,"jetpack_social_post_already_shared":false,"jetpack_social_options":{"image_generator_settings":{"template":"highway","default_image_id":0,"enabled":false},"version":2}},"categories":[6,1,2,3],"tags":[732,1741,19,16,850],"class_list":["post-8417","post","type-post","status-publish","format-standard","has-post-thumbnail","hentry","category-cultura-entretenimiento","category-diario-armstrong","category-locales","category-region","tag-comenzo","tag-congreso","tag-de","tag-el","tag-historia"],"jetpack_publicize_connections":[],"jetpack_featured_media_url":"https:\/\/armstrongyregion.com.ar\/diario\/wp-content\/uploads\/2016\/06\/congreso-historia-.jpg","jetpack_shortlink":"https:\/\/wp.me\/p62QDO-2bL","jetpack_sharing_enabled":true,"amp_enabled":true,"_links":{"self":[{"href":"https:\/\/armstrongyregion.com.ar\/diario\/wp-json\/wp\/v2\/posts\/8417","targetHints":{"allow":["GET"]}}],"collection":[{"href":"https:\/\/armstrongyregion.com.ar\/diario\/wp-json\/wp\/v2\/posts"}],"about":[{"href":"https:\/\/armstrongyregion.com.ar\/diario\/wp-json\/wp\/v2\/types\/post"}],"author":[{"embeddable":true,"href":"https:\/\/armstrongyregion.com.ar\/diario\/wp-json\/wp\/v2\/users\/2"}],"replies":[{"embeddable":true,"href":"https:\/\/armstrongyregion.com.ar\/diario\/wp-json\/wp\/v2\/comments?post=8417"}],"version-history":[{"count":0,"href":"https:\/\/armstrongyregion.com.ar\/diario\/wp-json\/wp\/v2\/posts\/8417\/revisions"}],"wp:featuredmedia":[{"embeddable":true,"href":"https:\/\/armstrongyregion.com.ar\/diario\/wp-json\/wp\/v2\/media\/8418"}],"wp:attachment":[{"href":"https:\/\/armstrongyregion.com.ar\/diario\/wp-json\/wp\/v2\/media?parent=8417"}],"wp:term":[{"taxonomy":"category","embeddable":true,"href":"https:\/\/armstrongyregion.com.ar\/diario\/wp-json\/wp\/v2\/categories?post=8417"},{"taxonomy":"post_tag","embeddable":true,"href":"https:\/\/armstrongyregion.com.ar\/diario\/wp-json\/wp\/v2\/tags?post=8417"}],"curies":[{"name":"wp","href":"https:\/\/api.w.org\/{rel}","templated":true}]}}