{"id":8414,"date":"2016-06-28T03:04:25","date_gmt":"2016-06-28T03:04:25","guid":{"rendered":"https:\/\/armstrongyregion.com.ar\/diario\/?p=8414"},"modified":"2016-06-28T03:04:25","modified_gmt":"2016-06-28T03:04:25","slug":"deliberando-hoy-la-intendenta-de-carcarana-lic-veronica-schuager","status":"publish","type":"post","link":"https:\/\/armstrongyregion.com.ar\/diario\/deliberando-hoy-la-intendenta-de-carcarana-lic-veronica-schuager\/","title":{"rendered":"Deliberando, hoy la intendenta de Carcara\u00f1\u00e1, Lic. Veronica Schuager."},"content":{"rendered":"<p><a href=\"http:\/\/armstrongyregion.com.ar\/diario\/wp-content\/uploads\/2016\/06\/DSC_0620.jpg\"><img loading=\"lazy\" decoding=\"async\" src=\"http:\/\/armstrongyregion.com.ar\/diario\/wp-content\/uploads\/2016\/06\/DSC_0620-1024x683.jpg\" alt=\"Ver\u00f3nica-Schuager-\" width=\"800\" height=\"534\" class=\"alignnone size-large wp-image-8415\" srcset=\"https:\/\/armstrongyregion.com.ar\/diario\/wp-content\/uploads\/2016\/06\/DSC_0620-1024x683.jpg 1024w, https:\/\/armstrongyregion.com.ar\/diario\/wp-content\/uploads\/2016\/06\/DSC_0620-300x200.jpg 300w\" sizes=\"auto, (max-width: 800px) 100vw, 800px\" \/><\/a>Este martes en DELIBERANDO la intendenta de Carcara\u00f1\u00e1, Lic. Veronica Schuager, visito el programa para repasar sus seis meses de gesti\u00f3n al frente del municipio carcara\u00f1ense.<br \/>\nLo beneficioso de continuar un proceso ya iniciado con el intendente anterior, cuyo gabinete integr\u00f3 y de esa forma conoce la realidad municipal y de la ciudad.<br \/>\nLa intendenta repas\u00f3 los problemas que se plantean en esa ciudad por el deterioro de la ruta nacional N\u00b0 9 que ha sido abandonada en su mantenimiento y las gestiones realizadas a nivel nacional para solucionar el problema.<br \/>\nHablar\u00e1 de su relaci\u00f3n institucional con el senador del departamento San Lorenzo quien a\u00fan no visito la municipalidad, aunque si la ciudad.<br \/>\nTodo esto y mucho m\u00e1s este martes en DELIBERANDO con la conducci\u00f3n de la licenciada Graciela de la Casa y Oscar Crispino.<\/p>\n","protected":false},"excerpt":{"rendered":"<p>Este martes en DELIBERANDO la intendenta de Carcara\u00f1\u00e1, Lic. Veronica Schuager, visito el programa para repasar sus seis meses de gesti\u00f3n al frente del municipio carcara\u00f1ense. Lo beneficioso de continuar un proceso ya iniciado con el intendente anterior, cuyo gabinete integr\u00f3 y de esa forma conoce la realidad municipal y de la ciudad. La intendenta <a href=\"https:\/\/armstrongyregion.com.ar\/diario\/deliberando-hoy-la-intendenta-de-carcarana-lic-veronica-schuager\/\" title=\"Read more\" >&#8230;<\/a><\/p>\n","protected":false},"author":2,"featured_media":8415,"comment_status":"open","ping_status":"open","sticky":false,"template":"","format":"standard","meta":{"_jetpack_memberships_contains_paid_content":false,"footnotes":"","jetpack_publicize_message":"","jetpack_publicize_feature_enabled":true,"jetpack_social_post_already_shared":false,"jetpack_social_options":{"image_generator_settings":{"template":"highway","default_image_id":0,"enabled":false},"version":2}},"categories":[8,1,2,7,3],"tags":[44,4109,4108],"class_list":["post-8414","post","type-post","status-publish","format-standard","has-post-thumbnail","hentry","category-deliberando","category-diario-armstrong","category-locales","category-politica","category-region","tag-deliberando-2","tag-schuager","tag-veronica"],"jetpack_publicize_connections":[],"jetpack_featured_media_url":"https:\/\/armstrongyregion.com.ar\/diario\/wp-content\/uploads\/2016\/06\/DSC_0620.jpg","jetpack_shortlink":"https:\/\/wp.me\/p62QDO-2bI","jetpack_sharing_enabled":true,"amp_enabled":true,"_links":{"self":[{"href":"https:\/\/armstrongyregion.com.ar\/diario\/wp-json\/wp\/v2\/posts\/8414","targetHints":{"allow":["GET"]}}],"collection":[{"href":"https:\/\/armstrongyregion.com.ar\/diario\/wp-json\/wp\/v2\/posts"}],"about":[{"href":"https:\/\/armstrongyregion.com.ar\/diario\/wp-json\/wp\/v2\/types\/post"}],"author":[{"embeddable":true,"href":"https:\/\/armstrongyregion.com.ar\/diario\/wp-json\/wp\/v2\/users\/2"}],"replies":[{"embeddable":true,"href":"https:\/\/armstrongyregion.com.ar\/diario\/wp-json\/wp\/v2\/comments?post=8414"}],"version-history":[{"count":0,"href":"https:\/\/armstrongyregion.com.ar\/diario\/wp-json\/wp\/v2\/posts\/8414\/revisions"}],"wp:featuredmedia":[{"embeddable":true,"href":"https:\/\/armstrongyregion.com.ar\/diario\/wp-json\/wp\/v2\/media\/8415"}],"wp:attachment":[{"href":"https:\/\/armstrongyregion.com.ar\/diario\/wp-json\/wp\/v2\/media?parent=8414"}],"wp:term":[{"taxonomy":"category","embeddable":true,"href":"https:\/\/armstrongyregion.com.ar\/diario\/wp-json\/wp\/v2\/categories?post=8414"},{"taxonomy":"post_tag","embeddable":true,"href":"https:\/\/armstrongyregion.com.ar\/diario\/wp-json\/wp\/v2\/tags?post=8414"}],"curies":[{"name":"wp","href":"https:\/\/api.w.org\/{rel}","templated":true}]}}