{"id":84,"date":"2014-12-23T02:04:28","date_gmt":"2014-12-23T02:04:28","guid":{"rendered":"https:\/\/armstrongyregion.com.ar\/diario\/?p=84"},"modified":"2014-12-24T06:05:22","modified_gmt":"2014-12-24T06:05:22","slug":"a-todo-brillo-y-color-armstrong-cerro-los-festejos-en-su-132-aniversario","status":"publish","type":"post","link":"https:\/\/armstrongyregion.com.ar\/diario\/a-todo-brillo-y-color-armstrong-cerro-los-festejos-en-su-132-aniversario\/","title":{"rendered":"A todo brillo y color Armstrong cerro los festejos en su 132 aniversario."},"content":{"rendered":"<div id=\"attachment_85\" style=\"width: 310px\" class=\"wp-caption alignnone\"><a href=\"http:\/\/armstrongyregion.com.ar\/diario\/wp-content\/uploads\/2014\/12\/132-aniversario.jpg\"><img loading=\"lazy\" decoding=\"async\" aria-describedby=\"caption-attachment-85\" class=\"size-medium wp-image-85\" src=\"http:\/\/armstrongyregion.com.ar\/diario\/wp-content\/uploads\/2014\/12\/132-aniversario-300x198.jpg\" alt=\"132 aniversario de Armstrong.\" width=\"300\" height=\"198\" srcset=\"https:\/\/armstrongyregion.com.ar\/diario\/wp-content\/uploads\/2014\/12\/132-aniversario-300x198.jpg 300w, https:\/\/armstrongyregion.com.ar\/diario\/wp-content\/uploads\/2014\/12\/132-aniversario.jpg 454w\" sizes=\"auto, (max-width: 300px) 100vw, 300px\" \/><\/a><p id=\"caption-attachment-85\" class=\"wp-caption-text\">132 aniversario de Armstrong.<\/p><\/div>\n<p>En el marco de una noche que invitaba a estar en Plaza San Martin, reunidos con la familia o entre amigos, Armstrong cerr\u00f3 los festejos de sus 132\u00b0 a\u00f1os.<br \/>\nLa tarcedita -noche arranc\u00f3 con el desfile c\u00edvico desde la Plaza Flotron, con la presencia de autoridades, instituciones y comercios de nuestra ciudad, el cual acompa\u00f1\u00f3 tambi\u00e9n el Vice Gobernador Jorge Henn.<\/p>\n<p><!--more--><\/p>\n<p>El municipio premi\u00f3 a los alumnos ganadores del concurso Armstrong, tierra m\u00eda. A parte de lucirse en el escenario bailes de parte de los distintos ballets de la ciudad, acrobacias en telas, hubo un tributo a Mana de parte de la banda La Morocha, y de esa forma la noche iba tomando color.<br \/>\nSe eligieron las Reinas Institucionales para el per\u00edodo 2015, ellas son: Miss Simpat\u00eda fue elegida, Magdalena Montapponni, Miss Elegancia, Paula Estelrich, 2\u00b0 Princesa Aldana Piancatelli, 1\u00b0 Princesa, Oriana Temperini, y Reina Aldana Gutierrez.<br \/>\nY para coronar la noche, Los Aut\u00e9nticos Decadentes dieron un show para el recuerdo, donde transformaron a la Plaza San Mart\u00edn en un carnaval, con canciones como Los Piratas y Ven\u00ed Raquel, trasladaron al p\u00fablico en el tiempo con canciones como La Guitarra, Pende Viejo, Autentica y Loco. Cerrando con temas como El p\u00e1jaro vio el cielo y La Banda sigue, donde el p\u00fablico acompa\u00f1\u00f3 coreando sus temas favoritos, a puro brillo y color.<\/p>\n","protected":false},"excerpt":{"rendered":"<p>En el marco de una noche que invitaba a estar en Plaza San Martin, reunidos con la familia o entre amigos, Armstrong cerr\u00f3 los festejos de sus 132\u00b0 a\u00f1os. La tarcedita -noche arranc\u00f3 con el desfile c\u00edvico desde la Plaza Flotron, con la presencia de autoridades, instituciones y comercios de nuestra ciudad, el cual acompa\u00f1\u00f3 <a href=\"https:\/\/armstrongyregion.com.ar\/diario\/a-todo-brillo-y-color-armstrong-cerro-los-festejos-en-su-132-aniversario\/\" title=\"Read more\" >&#8230;<\/a><\/p>\n","protected":false},"author":2,"featured_media":86,"comment_status":"open","ping_status":"open","sticky":false,"template":"","format":"standard","meta":{"_jetpack_memberships_contains_paid_content":false,"footnotes":"","jetpack_publicize_message":"","jetpack_publicize_feature_enabled":true,"jetpack_social_post_already_shared":false,"jetpack_social_options":{"image_generator_settings":{"template":"highway","default_image_id":0,"enabled":false},"version":2}},"categories":[1,2],"tags":[17,18,20,12,11,14,19,16,15,13],"class_list":["post-84","post","type-post","status-publish","format-standard","has-post-thumbnail","hentry","category-diario-armstrong","category-locales","tag-17","tag-aniversario","tag-armstrong","tag-brillo","tag-brillo-y-color-en-el-132-aniversario-de-armstrong","tag-color","tag-de","tag-el","tag-en","tag-y"],"jetpack_publicize_connections":[],"jetpack_featured_media_url":"https:\/\/armstrongyregion.com.ar\/diario\/wp-content\/uploads\/2014\/12\/132-aniversario1.jpg","jetpack_shortlink":"https:\/\/wp.me\/p62QDO-1m","jetpack_sharing_enabled":true,"amp_enabled":true,"_links":{"self":[{"href":"https:\/\/armstrongyregion.com.ar\/diario\/wp-json\/wp\/v2\/posts\/84","targetHints":{"allow":["GET"]}}],"collection":[{"href":"https:\/\/armstrongyregion.com.ar\/diario\/wp-json\/wp\/v2\/posts"}],"about":[{"href":"https:\/\/armstrongyregion.com.ar\/diario\/wp-json\/wp\/v2\/types\/post"}],"author":[{"embeddable":true,"href":"https:\/\/armstrongyregion.com.ar\/diario\/wp-json\/wp\/v2\/users\/2"}],"replies":[{"embeddable":true,"href":"https:\/\/armstrongyregion.com.ar\/diario\/wp-json\/wp\/v2\/comments?post=84"}],"version-history":[{"count":0,"href":"https:\/\/armstrongyregion.com.ar\/diario\/wp-json\/wp\/v2\/posts\/84\/revisions"}],"wp:featuredmedia":[{"embeddable":true,"href":"https:\/\/armstrongyregion.com.ar\/diario\/wp-json\/wp\/v2\/media\/86"}],"wp:attachment":[{"href":"https:\/\/armstrongyregion.com.ar\/diario\/wp-json\/wp\/v2\/media?parent=84"}],"wp:term":[{"taxonomy":"category","embeddable":true,"href":"https:\/\/armstrongyregion.com.ar\/diario\/wp-json\/wp\/v2\/categories?post=84"},{"taxonomy":"post_tag","embeddable":true,"href":"https:\/\/armstrongyregion.com.ar\/diario\/wp-json\/wp\/v2\/tags?post=84"}],"curies":[{"name":"wp","href":"https:\/\/api.w.org\/{rel}","templated":true}]}}