{"id":838,"date":"2015-02-14T03:21:38","date_gmt":"2015-02-14T03:21:38","guid":{"rendered":"https:\/\/armstrongyregion.com.ar\/diario\/?p=838"},"modified":"2015-02-14T03:21:38","modified_gmt":"2015-02-14T03:21:38","slug":"de-anais-ramos-es-la-continuidad-del-gobierno-de-carletti","status":"publish","type":"post","link":"https:\/\/armstrongyregion.com.ar\/diario\/de-anais-ramos-es-la-continuidad-del-gobierno-de-carletti\/","title":{"rendered":"De A\u00f1ais: \u00abRamos es la continuidad del gobierno de Carletti\u00bb."},"content":{"rendered":"<p><a href=\"http:\/\/armstrongyregion.com.ar\/diario\/wp-content\/uploads\/2015\/02\/deanais-pedro-info4.jpg\"><img loading=\"lazy\" decoding=\"async\" class=\"alignnone size-medium wp-image-839\" src=\"http:\/\/armstrongyregion.com.ar\/diario\/wp-content\/uploads\/2015\/02\/deanais-pedro-info4-300x203.jpg\" alt=\"deanais-pedro-info4\" width=\"300\" height=\"203\" srcset=\"https:\/\/armstrongyregion.com.ar\/diario\/wp-content\/uploads\/2015\/02\/deanais-pedro-info4-300x203.jpg 300w, https:\/\/armstrongyregion.com.ar\/diario\/wp-content\/uploads\/2015\/02\/deanais-pedro-info4.jpg 433w\" sizes=\"auto, (max-width: 300px) 100vw, 300px\" \/><\/a>El precandidato a intendente de Las Rosas, Pedro De A\u00f1ais, ante la deserci\u00f3n de Adri\u00e1n Carletti a su postulaci\u00f3n para ser reelecto, dijo que el mismo martes visit\u00f3 al actual jefe municipal para ver como estaba,<\/p>\n<p>ya que lo importante \u00aben primer lugar es siempre la salud de las personas. Asi que quise desearle una pronta mejor\u00eda\u00bb.<\/p>\n<p>Con respecto a los dichos de Carletti sobre que uno de los motivos de su decisi\u00f3n era que encontraba permanentemente trabas en el Concejo, con mayor\u00eda opositora, expres\u00f3 que se est\u00e1 \u00aben campa\u00f1a electoral y se busca colocar las culpas en otros. Pero Adri\u00e1n sabe que desde el legislativo se le brind\u00f3 todo el apoyo que precis\u00f3. Se autorizaron aumento de tasas de m\u00e1s del 140% en estos tres a\u00f1os, hubo una reforma tributaria con incremento de algunos rubros hasta de hasta 400%. Hasta hemos votado favorablemente compras de camionetas y un cami\u00f3n que llegaban al Concejo con la documentaci\u00f3n incompleta, y no demoramos aunque el expediente se termin\u00f3 despu\u00e9s\u00bb.<br \/>\n\u00abY cuando no se aprob\u00f3 algo inmediatamente fue porque faltaba informaci\u00f3n b\u00e1sica para conocer que se iba a hacer, o como se iba a pagar o que significaba en endeudamiento para el municipio. Y esa informaci\u00f3n siempre se envi\u00f3 con reticencia, tarde y a veces en forma parcial\u00bb, continu\u00f3.<\/p>\n<p>\u00abYo debo recordar que todas las obras que el intendente pidi\u00f3 que sean autorizadas fueron votadas positivamente para que se hagan. Ninguna fue rechazada. As\u00ed que no puede quejarse de falta de acompa\u00f1amiento, aunque por supuesto muchas veces fue necesario un tiempo para el debate\u00bb, manifest\u00f3 De A\u00f1ais.<\/p>\n<p>Preguntado si es lo mismo competir electoralmente con Ramos y no con Carletti, expres\u00f3 que \u00abMario Ramos es el oficialismo. Ha formado parte, forma parte y es la continuidad del gobierno de Adri\u00e1n Carletti. Por eso la cuesti\u00f3n de fondo es la misma, Ramos es el gobierno que actualmente est\u00e1 en la municipalidad, solo cambia el nombre del candidato\u00bb.<\/p>\n<p>\u00abNosotros invitamos a todos a participar, decir es posible una ciudad mejor,somos la cabecera del departamento Belgrano y debemos hacerlo sentir. Para eso estamos trabajando\u00bb, finaliz\u00f3 diciendo.<br \/>\nFuente: Info4Web \/ Edici\u00f3n: Las Rosas Digital<\/p>\n","protected":false},"excerpt":{"rendered":"<p>El precandidato a intendente de Las Rosas, Pedro De A\u00f1ais, ante la deserci\u00f3n de Adri\u00e1n Carletti a su postulaci\u00f3n para ser reelecto, dijo que el mismo martes visit\u00f3 al actual jefe municipal para ver como estaba, ya que lo importante \u00aben primer lugar es siempre la salud de las personas. Asi que quise desearle una <a href=\"https:\/\/armstrongyregion.com.ar\/diario\/de-anais-ramos-es-la-continuidad-del-gobierno-de-carletti\/\" title=\"Read more\" >&#8230;<\/a><\/p>\n","protected":false},"author":2,"featured_media":839,"comment_status":"open","ping_status":"open","sticky":false,"template":"","format":"standard","meta":{"_jetpack_memberships_contains_paid_content":false,"footnotes":"","jetpack_publicize_message":"","jetpack_publicize_feature_enabled":true,"jetpack_social_post_already_shared":false,"jetpack_social_options":{"image_generator_settings":{"template":"highway","default_image_id":0,"enabled":false},"version":2}},"categories":[1,7],"tags":[821,796,822,19,53,139,38,31,800],"class_list":["post-838","post","type-post","status-publish","format-standard","has-post-thumbnail","hentry","category-diario-armstrong","category-politica","tag-anais","tag-carletti","tag-continuidad","tag-de","tag-del","tag-es","tag-gobierno","tag-la","tag-ramos"],"jetpack_publicize_connections":[],"jetpack_featured_media_url":"https:\/\/armstrongyregion.com.ar\/diario\/wp-content\/uploads\/2015\/02\/deanais-pedro-info4.jpg","jetpack_shortlink":"https:\/\/wp.me\/p62QDO-dw","jetpack_sharing_enabled":true,"amp_enabled":true,"_links":{"self":[{"href":"https:\/\/armstrongyregion.com.ar\/diario\/wp-json\/wp\/v2\/posts\/838","targetHints":{"allow":["GET"]}}],"collection":[{"href":"https:\/\/armstrongyregion.com.ar\/diario\/wp-json\/wp\/v2\/posts"}],"about":[{"href":"https:\/\/armstrongyregion.com.ar\/diario\/wp-json\/wp\/v2\/types\/post"}],"author":[{"embeddable":true,"href":"https:\/\/armstrongyregion.com.ar\/diario\/wp-json\/wp\/v2\/users\/2"}],"replies":[{"embeddable":true,"href":"https:\/\/armstrongyregion.com.ar\/diario\/wp-json\/wp\/v2\/comments?post=838"}],"version-history":[{"count":0,"href":"https:\/\/armstrongyregion.com.ar\/diario\/wp-json\/wp\/v2\/posts\/838\/revisions"}],"wp:featuredmedia":[{"embeddable":true,"href":"https:\/\/armstrongyregion.com.ar\/diario\/wp-json\/wp\/v2\/media\/839"}],"wp:attachment":[{"href":"https:\/\/armstrongyregion.com.ar\/diario\/wp-json\/wp\/v2\/media?parent=838"}],"wp:term":[{"taxonomy":"category","embeddable":true,"href":"https:\/\/armstrongyregion.com.ar\/diario\/wp-json\/wp\/v2\/categories?post=838"},{"taxonomy":"post_tag","embeddable":true,"href":"https:\/\/armstrongyregion.com.ar\/diario\/wp-json\/wp\/v2\/tags?post=838"}],"curies":[{"name":"wp","href":"https:\/\/api.w.org\/{rel}","templated":true}]}}