{"id":8374,"date":"2016-06-25T01:22:46","date_gmt":"2016-06-25T01:22:46","guid":{"rendered":"https:\/\/armstrongyregion.com.ar\/diario\/?p=8374"},"modified":"2016-06-25T01:22:46","modified_gmt":"2016-06-25T01:22:46","slug":"acto-conmemorativo-50-anos-de-la-donacion-del-terreno-de-parte-de-la-asociacion-espanola","status":"publish","type":"post","link":"https:\/\/armstrongyregion.com.ar\/diario\/acto-conmemorativo-50-anos-de-la-donacion-del-terreno-de-parte-de-la-asociacion-espanola\/","title":{"rendered":"Acto conmemorativo 50 a\u00f1os de la donaci\u00f3n del terreno de parte de la Asociaci\u00f3n Espa\u00f1ola."},"content":{"rendered":"<p><a href=\"http:\/\/armstrongyregion.com.ar\/diario\/wp-content\/uploads\/2016\/06\/Silvia-Borri-.jpg\"><img loading=\"lazy\" decoding=\"async\" src=\"http:\/\/armstrongyregion.com.ar\/diario\/wp-content\/uploads\/2016\/06\/Silvia-Borri-.jpg\" alt=\"Silvia-Borri-\" width=\"960\" height=\"539\" class=\"alignnone size-full wp-image-8375\" srcset=\"https:\/\/armstrongyregion.com.ar\/diario\/wp-content\/uploads\/2016\/06\/Silvia-Borri-.jpg 960w, https:\/\/armstrongyregion.com.ar\/diario\/wp-content\/uploads\/2016\/06\/Silvia-Borri--300x168.jpg 300w\" sizes=\"auto, (max-width: 960px) 100vw, 960px\" \/><\/a>Acto conmemorativo al cumplirse 50 a\u00f1os de la donaci\u00f3n del terreno perteneciente a la Asociaci\u00f3n Espa\u00f1ola de Socorros Mutuos, para la construcci\u00f3n del edificio de las escuela Normal y Superior de Comercio.<br \/>\nEste viernes, en la hist\u00f3rica esquina de Crucianelli e Irigoyen, frente al bello p\u00f3rtico de ingreso de lo que era en otra \u00e9poca Asociaci\u00f3n Espa\u00f1ola, se llev\u00f3 a cabo un acto homenaje a aquel gesto altruista de la donaci\u00f3n del predio donde hoy se emplaza el edificio de las escuelas Nacional Normal y Superior de Comercio, con la presencia de autoridades municipales, concejales, personal directivo, docentes y alumnos de los establecimientos educativos mencionados, destacando la presencia del Se\u00f1or Romualdo Bacci, integrante de aquella Asociaci\u00f3n Espa\u00f1ola.<br \/>\nLa rectora de la Escuela Normal Superior N\u00b0 33 abri\u00f3  Silvia Borri abri\u00f3 la serie de discursos destacando que \u201cAquella discusi\u00f3n altruista y desinteresada de la donaci\u00f3n del predio contribuyo a la educaci\u00f3n y construcci\u00f3n de un gran ejemplo para las generaciones futuras\u201d, continuo con las palabras la rectora Sra Silvia Bordabossana de la Esc. Superior de Comercio N\u00b0 51 quien destaco \u201cLa construcci\u00f3n de esta obra como beneficio colectivo y representaci\u00f3n un\u00e1nime de todos\u201d.<br \/>\nEl intendente municipal Dr. Pablo Verdecchia, manifest\u00f3 por \u201cel gran ejemplo que significa un acto de donaci\u00f3n de estas caracter\u00edsticas\u201d. Y por \u00faltimo el Sr. Romualdo Bacci en sus palabras manifest\u00f3 sentirse feliz y emocionado por haber sido invitado a participar de este acto conmemorativo.<br \/>\nHay que destacar que a partir de ahora este p\u00f3rtico ser\u00e1 un nuevo ingreso de los alumnos al establecimiento educacional.<\/p>\n","protected":false},"excerpt":{"rendered":"<p>Acto conmemorativo al cumplirse 50 a\u00f1os de la donaci\u00f3n del terreno perteneciente a la Asociaci\u00f3n Espa\u00f1ola de Socorros Mutuos, para la construcci\u00f3n del edificio de las escuela Normal y Superior de Comercio. Este viernes, en la hist\u00f3rica esquina de Crucianelli e Irigoyen, frente al bello p\u00f3rtico de ingreso de lo que era en otra \u00e9poca <a href=\"https:\/\/armstrongyregion.com.ar\/diario\/acto-conmemorativo-50-anos-de-la-donacion-del-terreno-de-parte-de-la-asociacion-espanola\/\" title=\"Read more\" >&#8230;<\/a><\/p>\n","protected":false},"author":2,"featured_media":8375,"comment_status":"open","ping_status":"open","sticky":false,"template":"","format":"standard","meta":{"_jetpack_memberships_contains_paid_content":false,"footnotes":"","jetpack_publicize_message":"","jetpack_publicize_feature_enabled":true,"jetpack_social_post_already_shared":false,"jetpack_social_options":{"image_generator_settings":{"template":"highway","default_image_id":0,"enabled":false},"version":2}},"categories":[6,1,2,3],"tags":[1364,1212,197,1280,4092,19,1834,31,1740,4100,1102],"class_list":["post-8374","post","type-post","status-publish","format-standard","has-post-thumbnail","hentry","category-cultura-entretenimiento","category-diario-armstrong","category-locales","category-region","tag-1364","tag-acto","tag-anos","tag-asociacion","tag-conmemorativo","tag-de","tag-donacion","tag-la","tag-parte","tag-socorros","tag-terreno"],"jetpack_publicize_connections":[],"jetpack_featured_media_url":"https:\/\/armstrongyregion.com.ar\/diario\/wp-content\/uploads\/2016\/06\/Silvia-Borri-.jpg","jetpack_shortlink":"https:\/\/wp.me\/p62QDO-2b4","jetpack_sharing_enabled":true,"amp_enabled":true,"_links":{"self":[{"href":"https:\/\/armstrongyregion.com.ar\/diario\/wp-json\/wp\/v2\/posts\/8374","targetHints":{"allow":["GET"]}}],"collection":[{"href":"https:\/\/armstrongyregion.com.ar\/diario\/wp-json\/wp\/v2\/posts"}],"about":[{"href":"https:\/\/armstrongyregion.com.ar\/diario\/wp-json\/wp\/v2\/types\/post"}],"author":[{"embeddable":true,"href":"https:\/\/armstrongyregion.com.ar\/diario\/wp-json\/wp\/v2\/users\/2"}],"replies":[{"embeddable":true,"href":"https:\/\/armstrongyregion.com.ar\/diario\/wp-json\/wp\/v2\/comments?post=8374"}],"version-history":[{"count":0,"href":"https:\/\/armstrongyregion.com.ar\/diario\/wp-json\/wp\/v2\/posts\/8374\/revisions"}],"wp:featuredmedia":[{"embeddable":true,"href":"https:\/\/armstrongyregion.com.ar\/diario\/wp-json\/wp\/v2\/media\/8375"}],"wp:attachment":[{"href":"https:\/\/armstrongyregion.com.ar\/diario\/wp-json\/wp\/v2\/media?parent=8374"}],"wp:term":[{"taxonomy":"category","embeddable":true,"href":"https:\/\/armstrongyregion.com.ar\/diario\/wp-json\/wp\/v2\/categories?post=8374"},{"taxonomy":"post_tag","embeddable":true,"href":"https:\/\/armstrongyregion.com.ar\/diario\/wp-json\/wp\/v2\/tags?post=8374"}],"curies":[{"name":"wp","href":"https:\/\/api.w.org\/{rel}","templated":true}]}}