{"id":8371,"date":"2016-06-25T00:41:46","date_gmt":"2016-06-25T00:41:46","guid":{"rendered":"https:\/\/armstrongyregion.com.ar\/diario\/?p=8371"},"modified":"2016-06-25T00:41:46","modified_gmt":"2016-06-25T00:41:46","slug":"armstrong-charla-sobre-alimentacion","status":"publish","type":"post","link":"https:\/\/armstrongyregion.com.ar\/diario\/armstrong-charla-sobre-alimentacion\/","title":{"rendered":"Armstrong. Charla sobre alimentaci\u00f3n."},"content":{"rendered":"<p><a href=\"http:\/\/armstrongyregion.com.ar\/diario\/wp-content\/uploads\/2016\/06\/alimentacion.jpg\"><img loading=\"lazy\" decoding=\"async\" src=\"http:\/\/armstrongyregion.com.ar\/diario\/wp-content\/uploads\/2016\/06\/alimentacion.jpg\" alt=\"alimentacion\" width=\"768\" height=\"531\" class=\"alignnone size-full wp-image-8372\" srcset=\"https:\/\/armstrongyregion.com.ar\/diario\/wp-content\/uploads\/2016\/06\/alimentacion.jpg 768w, https:\/\/armstrongyregion.com.ar\/diario\/wp-content\/uploads\/2016\/06\/alimentacion-300x207.jpg 300w\" sizes=\"auto, (max-width: 768px) 100vw, 768px\" \/><\/a>La Municipalidad de Armstrong invita al p\u00fablico en general a la charla denominada \u201cAdicciones en la alimentaci\u00f3n\u201d a cargo de la Lic. Silvina Brasca que se realizar\u00e1 el martes 28 de junio a las 20 hs. en el sal\u00f3n Delmo Dar\u00f3.<br \/>\nLuego de un trabajo previo dentro de la comunidad, la Mesa de Adicciones de la Secretar\u00eda de Salud y Promoci\u00f3n Comunitaria organiza este encuentro donde los asistentes podr\u00e1n ponerse al tanto de c\u00f3mo es la alimentaci\u00f3n de los armstronenses y exponer inquietudes.<\/p>\n","protected":false},"excerpt":{"rendered":"<p>La Municipalidad de Armstrong invita al p\u00fablico en general a la charla denominada \u201cAdicciones en la alimentaci\u00f3n\u201d a cargo de la Lic. Silvina Brasca que se realizar\u00e1 el martes 28 de junio a las 20 hs. en el sal\u00f3n Delmo Dar\u00f3. Luego de un trabajo previo dentro de la comunidad, la Mesa de Adicciones de <a href=\"https:\/\/armstrongyregion.com.ar\/diario\/armstrong-charla-sobre-alimentacion\/\" title=\"Read more\" >&#8230;<\/a><\/p>\n","protected":false},"author":2,"featured_media":8372,"comment_status":"open","ping_status":"open","sticky":false,"template":"","format":"standard","meta":{"_jetpack_memberships_contains_paid_content":false,"footnotes":"","jetpack_publicize_message":"","jetpack_publicize_feature_enabled":true,"jetpack_social_post_already_shared":false,"jetpack_social_options":{"image_generator_settings":{"template":"highway","default_image_id":0,"enabled":false},"version":2}},"categories":[1,2,4],"tags":[],"class_list":["post-8371","post","type-post","status-publish","format-standard","has-post-thumbnail","hentry","category-diario-armstrong","category-locales","category-prevencion-salud"],"jetpack_publicize_connections":[],"jetpack_featured_media_url":"https:\/\/armstrongyregion.com.ar\/diario\/wp-content\/uploads\/2016\/06\/alimentacion.jpg","jetpack_shortlink":"https:\/\/wp.me\/p62QDO-2b1","jetpack_sharing_enabled":true,"amp_enabled":true,"_links":{"self":[{"href":"https:\/\/armstrongyregion.com.ar\/diario\/wp-json\/wp\/v2\/posts\/8371","targetHints":{"allow":["GET"]}}],"collection":[{"href":"https:\/\/armstrongyregion.com.ar\/diario\/wp-json\/wp\/v2\/posts"}],"about":[{"href":"https:\/\/armstrongyregion.com.ar\/diario\/wp-json\/wp\/v2\/types\/post"}],"author":[{"embeddable":true,"href":"https:\/\/armstrongyregion.com.ar\/diario\/wp-json\/wp\/v2\/users\/2"}],"replies":[{"embeddable":true,"href":"https:\/\/armstrongyregion.com.ar\/diario\/wp-json\/wp\/v2\/comments?post=8371"}],"version-history":[{"count":0,"href":"https:\/\/armstrongyregion.com.ar\/diario\/wp-json\/wp\/v2\/posts\/8371\/revisions"}],"wp:featuredmedia":[{"embeddable":true,"href":"https:\/\/armstrongyregion.com.ar\/diario\/wp-json\/wp\/v2\/media\/8372"}],"wp:attachment":[{"href":"https:\/\/armstrongyregion.com.ar\/diario\/wp-json\/wp\/v2\/media?parent=8371"}],"wp:term":[{"taxonomy":"category","embeddable":true,"href":"https:\/\/armstrongyregion.com.ar\/diario\/wp-json\/wp\/v2\/categories?post=8371"},{"taxonomy":"post_tag","embeddable":true,"href":"https:\/\/armstrongyregion.com.ar\/diario\/wp-json\/wp\/v2\/tags?post=8371"}],"curies":[{"name":"wp","href":"https:\/\/api.w.org\/{rel}","templated":true}]}}