{"id":8365,"date":"2016-06-25T00:27:08","date_gmt":"2016-06-25T00:27:08","guid":{"rendered":"https:\/\/armstrongyregion.com.ar\/diario\/?p=8365"},"modified":"2016-06-25T00:27:08","modified_gmt":"2016-06-25T00:27:08","slug":"santa-fe-presento-a-todo-el-pais-su-experiencia-de-policia-comunitaria","status":"publish","type":"post","link":"https:\/\/armstrongyregion.com.ar\/diario\/santa-fe-presento-a-todo-el-pais-su-experiencia-de-policia-comunitaria\/","title":{"rendered":"Santa Fe present\u00f3 a todo el pa\u00eds su experiencia de Polic\u00eda Comunitaria."},"content":{"rendered":"<p><a href=\"http:\/\/armstrongyregion.com.ar\/diario\/wp-content\/uploads\/2016\/06\/seguridad-.jpg\"><img loading=\"lazy\" decoding=\"async\" src=\"http:\/\/armstrongyregion.com.ar\/diario\/wp-content\/uploads\/2016\/06\/seguridad-.jpg\" alt=\"seguridad-\" width=\"768\" height=\"432\" class=\"alignnone size-full wp-image-8366\" srcset=\"https:\/\/armstrongyregion.com.ar\/diario\/wp-content\/uploads\/2016\/06\/seguridad-.jpg 768w, https:\/\/armstrongyregion.com.ar\/diario\/wp-content\/uploads\/2016\/06\/seguridad--300x169.jpg 300w\" sizes=\"auto, (max-width: 768px) 100vw, 768px\" \/><\/a>Fue en el marco de la jornada de capacitaci\u00f3n convocada por el Ministerio de Seguridad de la Naci\u00f3n, donde participaron representantes de todas las provincias argentinas, adem\u00e1s de autoridades policiales de Chile y El Salvador. <\/p>\n<p>El director provincial de Polic\u00edas de Intervenci\u00f3n Comunitaria, Daniel Med\u00fas, particip\u00f3 ayer y hoy de la \u201cJornada de Capacitaci\u00f3n sobre Polic\u00eda Comunitaria y Participaci\u00f3n Ciudadana\u201d organizada por el Ministerio de Seguridad de la Naci\u00f3n en ciudad Aut\u00f3noma de Buenos Aires. <\/p>\n<p>La actividad cont\u00f3 con la participaci\u00f3n de representantes de las \u00e1reas de seguridad provincial del pa\u00eds, adem\u00e1s de personal policial de carabineros de Chile y de El Salvador. <\/p>\n<p>El representante de la provincia de Santa Fe cont\u00f3 c\u00f3mo es la experiencia de planificar y aplicar el modelo de Polic\u00eda Comunitaria en un panel donde tambi\u00e9n expusieron  autoridades de la provincia de San Juan y del municipio de Vicente L\u00f3pez. <\/p>\n<p>Med\u00fas explic\u00f3 que \u201cse nos invit\u00f3 a participar en el marco de los disertantes para exponer la experiencia de la reforma policial de la provincia de Santa Fe y, en ese sentido, contar el programa de proximidad policial que llevamos adelante\u201d. <\/p>\n<p>El funcionario santafesino explic\u00f3 que \u201ccomentamos los desaf\u00edos del inicio del programa, el despliegue de estos dos \u00faltimos a\u00f1os y medio y la situaci\u00f3n actual en todo el territorio de la provincia en los 16 municipios donde est\u00e1 desplegada la Polic\u00eda Comunitaria\u201d. <\/p>\n<p>El encuentro tuvo como objetivo poder compartir las experiencias de aplicar un modelo distinto policial, m\u00e1s cercano al vecino y territorial, para fortalecer pol\u00edticas de seguridad, especialmente aquellas que apuntan a prevenir el delito. <\/p>\n<p>En otro de los paneles tambi\u00e9n expusieron autoridades del Cuerpo de Polic\u00eda Barrial de la Polic\u00eda Federal Argentina; del \u00e1rea de seguridad ciudadana de la provincia de C\u00f3rdoba y de la Polic\u00eda Metropolitana de la ciudad aut\u00f3noma de Buenos Aires. <\/p>\n<p>DATOS <\/p>\n<p>>> Hubo representaci\u00f3n de funcionarios de las 24 provincias del pa\u00eds, sumado a representantes del cuerpo carabineros de Chile y a la polic\u00eda de El Salvador, y un consultor internacional en la materia. <\/p>\n<p>>> Autoridades de San Juan, Tucum\u00e1n y C\u00f3rdoba se interesaron en la experiencia de Polic\u00eda Comunitaria de Santa Fe y manifestaron la intenci\u00f3n de visitar la provincia. <\/p>\n<p>>> El compromiso es continuar trabajando entre las provincias y Naci\u00f3n para fortalecer este tipo de intervenci\u00f3n policial en los territorios. <\/p>\n<p>SANTA FE SEGURA <\/p>\n<p>El programa de Polic\u00eda Comunitaria como la actuaci\u00f3n de todos los efectivos se realiza en el marco del Plan de Acci\u00f3n Santa Fe Segura, una iniciativa impulsada por el gobernador Miguel Lifschitz y el ministro de Seguridad, Maximiliano Pullaro, que tiene por objetivo prevenir, reprimir y disuadir el delito en todas sus fases y tipos, como as\u00ed tambi\u00e9n dar con los responsables de los mismos y llevarlos ante la justicia.<\/p>\n","protected":false},"excerpt":{"rendered":"<p>Fue en el marco de la jornada de capacitaci\u00f3n convocada por el Ministerio de Seguridad de la Naci\u00f3n, donde participaron representantes de todas las provincias argentinas, adem\u00e1s de autoridades policiales de Chile y El Salvador. El director provincial de Polic\u00edas de Intervenci\u00f3n Comunitaria, Daniel Med\u00fas, particip\u00f3 ayer y hoy de la \u201cJornada de Capacitaci\u00f3n sobre <a href=\"https:\/\/armstrongyregion.com.ar\/diario\/santa-fe-presento-a-todo-el-pais-su-experiencia-de-policia-comunitaria\/\" title=\"Read more\" >&#8230;<\/a><\/p>\n","protected":false},"author":2,"featured_media":8366,"comment_status":"open","ping_status":"open","sticky":false,"template":"","format":"standard","meta":{"_jetpack_memberships_contains_paid_content":false,"footnotes":"","jetpack_publicize_message":"","jetpack_publicize_feature_enabled":true,"jetpack_social_post_already_shared":false,"jetpack_social_options":{"image_generator_settings":{"template":"highway","default_image_id":0,"enabled":false},"version":2}},"categories":[1,2819,2,3],"tags":[179,77,2450,25,399,453,1847],"class_list":["post-8365","post","type-post","status-publish","format-standard","has-post-thumbnail","hentry","category-diario-armstrong","category-el-pais","category-locales","category-region","tag-al","tag-fe","tag-pais","tag-presento","tag-santa","tag-seguridad","tag-tema"],"jetpack_publicize_connections":[],"jetpack_featured_media_url":"https:\/\/armstrongyregion.com.ar\/diario\/wp-content\/uploads\/2016\/06\/seguridad-.jpg","jetpack_shortlink":"https:\/\/wp.me\/p62QDO-2aV","jetpack_sharing_enabled":true,"amp_enabled":true,"_links":{"self":[{"href":"https:\/\/armstrongyregion.com.ar\/diario\/wp-json\/wp\/v2\/posts\/8365","targetHints":{"allow":["GET"]}}],"collection":[{"href":"https:\/\/armstrongyregion.com.ar\/diario\/wp-json\/wp\/v2\/posts"}],"about":[{"href":"https:\/\/armstrongyregion.com.ar\/diario\/wp-json\/wp\/v2\/types\/post"}],"author":[{"embeddable":true,"href":"https:\/\/armstrongyregion.com.ar\/diario\/wp-json\/wp\/v2\/users\/2"}],"replies":[{"embeddable":true,"href":"https:\/\/armstrongyregion.com.ar\/diario\/wp-json\/wp\/v2\/comments?post=8365"}],"version-history":[{"count":0,"href":"https:\/\/armstrongyregion.com.ar\/diario\/wp-json\/wp\/v2\/posts\/8365\/revisions"}],"wp:featuredmedia":[{"embeddable":true,"href":"https:\/\/armstrongyregion.com.ar\/diario\/wp-json\/wp\/v2\/media\/8366"}],"wp:attachment":[{"href":"https:\/\/armstrongyregion.com.ar\/diario\/wp-json\/wp\/v2\/media?parent=8365"}],"wp:term":[{"taxonomy":"category","embeddable":true,"href":"https:\/\/armstrongyregion.com.ar\/diario\/wp-json\/wp\/v2\/categories?post=8365"},{"taxonomy":"post_tag","embeddable":true,"href":"https:\/\/armstrongyregion.com.ar\/diario\/wp-json\/wp\/v2\/tags?post=8365"}],"curies":[{"name":"wp","href":"https:\/\/api.w.org\/{rel}","templated":true}]}}