{"id":8353,"date":"2016-06-22T23:53:31","date_gmt":"2016-06-22T23:53:31","guid":{"rendered":"https:\/\/armstrongyregion.com.ar\/diario\/?p=8353"},"modified":"2016-06-22T23:53:31","modified_gmt":"2016-06-22T23:53:31","slug":"se-entregaron-mas-de-1200-chalecos-antibalas-para-la-policia-de-santa-fe","status":"publish","type":"post","link":"https:\/\/armstrongyregion.com.ar\/diario\/se-entregaron-mas-de-1200-chalecos-antibalas-para-la-policia-de-santa-fe\/","title":{"rendered":"Se entregaron m\u00e1s de 1200 chalecos antibalas para la Polic\u00eda de Santa Fe."},"content":{"rendered":"<p><a href=\"http:\/\/armstrongyregion.com.ar\/diario\/wp-content\/uploads\/2016\/06\/2016-06-22NID_234212O_2.jpeg\"><img loading=\"lazy\" decoding=\"async\" src=\"http:\/\/armstrongyregion.com.ar\/diario\/wp-content\/uploads\/2016\/06\/2016-06-22NID_234212O_2-1024x576.jpeg\" alt=\"Maximiliano-Pullaro-\" width=\"800\" height=\"450\" class=\"alignnone size-large wp-image-8354\" srcset=\"https:\/\/armstrongyregion.com.ar\/diario\/wp-content\/uploads\/2016\/06\/2016-06-22NID_234212O_2-1024x576.jpeg 1024w, https:\/\/armstrongyregion.com.ar\/diario\/wp-content\/uploads\/2016\/06\/2016-06-22NID_234212O_2-300x169.jpeg 300w, https:\/\/armstrongyregion.com.ar\/diario\/wp-content\/uploads\/2016\/06\/2016-06-22NID_234212O_2.jpeg 1920w\" sizes=\"auto, (max-width: 800px) 100vw, 800px\" \/><\/a>El ministro Pullaro realiz\u00f3 la entrega a efectivos de la Unidad Regional I, la TOE y la PAT. El gobierno provincial adquiri\u00f3 8000 chalecos que, en los pr\u00f3ximos d\u00edas, se entregar\u00e1n en el resto de las Unidades Regionales.<br \/>\nEl ministro de Seguridad, Maximiliano Pullaro, encabez\u00f3 este mi\u00e9rcoles la entrega de 1283 chalecos antibalas: 1183  destinados a los efectivos policiales de la Unidad Regional I, 50 a la Tropa de Operaciones Especiales (TOE) y 50 a la Polic\u00eda de Acci\u00f3n T\u00e1ctica (PAT).<\/p>\n<p>En la oportunidad, Pullaro manifest\u00f3 que \u201cde esta manera cumplimos con una de la premisas que nos dio nuestro gobernador, de que nuestra polic\u00eda pueda tener el equipamiento necesario para brindar su labor correctamente\u201d.<\/p>\n<p>Adem\u00e1s, agreg\u00f3 que \u201ces una importante inversi\u00f3n que la hacemos con gusto porque estamos convencidos de que va a mejorar el trabajo que ustedes llevan adelante todos los d\u00edas. Estos son los primeros pasos que empieza a dar este ministerio, este plan de reforma y reestructuraci\u00f3n de la provincia de Santa Fe, donde el equipamiento es fundamental para tener la mejor polic\u00eda de la Rep\u00fablica Argentina\u201d.<\/p>\n<p>El Ministerio de Seguridad adquiri\u00f3, mediante licitaci\u00f3n p\u00fablica, 8000 chalecos antibalas para la Polic\u00eda de Santa Fe. La inversi\u00f3n total fue de $ 95.603.520 y es la primera vez que el Estado de la provincia de Santa Fe realiza una compra de tal magnitud de una sola vez para la protecci\u00f3n de la fuerza.<\/p>\n<p>La distribuci\u00f3n se llevar\u00e1 adelante en los pr\u00f3ximos d\u00edas en cada una de las 19 Unidades Regionales, y cada departamento log\u00edstico deber\u00e1 completar registros espec\u00edficos para que ayuden a un control de trazabilidad de los mismos.<\/p>\n<p>CARACTER\u00cdSTICAS DE LOS CHALECOS<br \/>\nSon producidos por Fabricaciones Militares y el modelo se denomina Multiamenaza 2.2, lo cual le confiere un Nivel RB2 de protecci\u00f3n bal\u00edstica y protecci\u00f3n antipunzante, elementos a los que hoy muchos de los polic\u00edas se pueden ver expuestos, especialmente aquellos que componen los grupos t\u00e1cticos o cumplen tareas espec\u00edficas de calle. Estos modelos son usados por Fuerzas Federales del pa\u00eds y polic\u00edas de otras provincias.<\/p>\n<p>Los chalecos fueron sometidos a exigentes pruebas de calidad en el Laboratorio de la Escuela Superior T\u00e9cnica del Ej\u00e9rcito Argentino en la ciudad de Buenos Aires, tanto para la prueba de competencia entre las empresas oferentes, como para la prueba que se les realiza una vez que son adjudicados y recibidos. Para ello se cre\u00f3 un Comit\u00e9 Mixto Evaluador integrado por polic\u00edas de la provincia de Santa Fe, designados por el Jefe de Polic\u00eda, y por funcionarios del Ministerio de Seguridad. Las pruebas de los chalecos de Fabricaciones Militares mostraron muy buenos niveles de protecci\u00f3n, incluso mejores que los adquiridos anteriormente.<\/p>\n<p>En esta oportunidad, a diferencia de otras compras, todo el proceso fue monitoreado por el Ministerio de Seguridad, tanto en la solicitud inicial, que eleva el jefe Log\u00edstico de la Polic\u00eda, como la conformaci\u00f3n de un Comit\u00e9 Mixto Evaluador que estaba facultado a emitir dictamen para la propuesta de chalecos a adquirir.<\/p>\n<p>Asimismo, el propio ministro de Seguridad orden\u00f3, tanto a la secretaria de Control, como a personal de Asuntos Internos, que supervisen las entregas de cada uno de los 8000 chalecos en el dep\u00f3sito del Departamento Log\u00edstico de la Polic\u00eda (D4). El control consisti\u00f3 en certificar cantidades, n\u00fameros de lotes y de series, fecha de fabricaci\u00f3n y de fecha de vencimiento, entre otras constataciones seg\u00fan establec\u00eda el pliego.<\/p>\n<p>Todas estas medidas forman parte de la nueva metodolog\u00eda de trabajo que desde el 10 de diciembre implement\u00f3 la nueva administraci\u00f3n del Ministerio de Seguridad para todas las gestiones de compra a fin de hacerlas m\u00e1s transparentes.<\/p>\n<p>El proceso licitatorio se llev\u00f3 adelante a trav\u00e9s de la direcci\u00f3n Provincial de Contrataciones y Gesti\u00f3n de Bienes, en el marco de la Ley de Emergencia de Seguridad N\u00b0 12.397.<\/p>\n<p>EL ACTO<br \/>\nDe la actividad, realizada en la plaza San Mart\u00edn de la ciudad de Santa Fe, tambi\u00e9n participaron el secretario de Seguridad, Omar Pereira; y el jefe de Polic\u00eda de la provincia, Luis Bruschi; entre otras autoridades provinciales y de las fuerzas policiales.<\/p>\n<p>En ese marco, Pereira expres\u00f3 que \u201ces satisfactorio, cuando desde el inicio de la gesti\u00f3n, a partir del gobierno provincial y en particular del Ministerio de Seguridad, las primeras palabras fueron que la l\u00ednea de trabajo m\u00e1s fuerte era jerarquizar a la fuerza policial. Y es por eso que brindamos a los integrantes de la polic\u00eda de Santa Fe el equipamiento necesario para que se cumpla aquel axioma de estar protegido para proteger mejor\u201d. <\/p>\n<p>Por su parte, Bruschi dijo que \u201cla seguridad demanda mucha inversi\u00f3n y cuidar a los que nos protegen es una importante decisi\u00f3n del gobierno de la provincia. Los polic\u00edas de Santa Fe necesitamos que nos protejan, nos brinden los elementos necesarios para cumplir eficientemente nuestra tarea de estar al servicio de la sociedad y con la funci\u00f3n especifica de cuidar y proteger a cada uno de los ciudadanos\u201d, concluy\u00f3.<\/p>\n","protected":false},"excerpt":{"rendered":"<p>El ministro Pullaro realiz\u00f3 la entrega a efectivos de la Unidad Regional I, la TOE y la PAT. El gobierno provincial adquiri\u00f3 8000 chalecos que, en los pr\u00f3ximos d\u00edas, se entregar\u00e1n en el resto de las Unidades Regionales. El ministro de Seguridad, Maximiliano Pullaro, encabez\u00f3 este mi\u00e9rcoles la entrega de 1283 chalecos antibalas: 1183 destinados <a href=\"https:\/\/armstrongyregion.com.ar\/diario\/se-entregaron-mas-de-1200-chalecos-antibalas-para-la-policia-de-santa-fe\/\" title=\"Read more\" >&#8230;<\/a><\/p>\n","protected":false},"author":2,"featured_media":8354,"comment_status":"open","ping_status":"open","sticky":false,"template":"","format":"standard","meta":{"_jetpack_memberships_contains_paid_content":false,"footnotes":"","jetpack_publicize_message":"","jetpack_publicize_feature_enabled":true,"jetpack_social_post_already_shared":false,"jetpack_social_options":{"image_generator_settings":{"template":"highway","default_image_id":0,"enabled":false},"version":2}},"categories":[1,2,2852,7,3],"tags":[4096,33,4097,19,803,31,40,146,86],"class_list":["post-8353","post","type-post","status-publish","format-standard","has-post-thumbnail","hentry","category-diario-armstrong","category-locales","category-policiales","category-politica","category-region","tag-4096","tag-a","tag-chalecos","tag-de","tag-entregaron","tag-la","tag-mas","tag-policia","tag-se"],"jetpack_publicize_connections":[],"jetpack_featured_media_url":"https:\/\/armstrongyregion.com.ar\/diario\/wp-content\/uploads\/2016\/06\/2016-06-22NID_234212O_2.jpeg","jetpack_shortlink":"https:\/\/wp.me\/p62QDO-2aJ","jetpack_sharing_enabled":true,"amp_enabled":true,"_links":{"self":[{"href":"https:\/\/armstrongyregion.com.ar\/diario\/wp-json\/wp\/v2\/posts\/8353","targetHints":{"allow":["GET"]}}],"collection":[{"href":"https:\/\/armstrongyregion.com.ar\/diario\/wp-json\/wp\/v2\/posts"}],"about":[{"href":"https:\/\/armstrongyregion.com.ar\/diario\/wp-json\/wp\/v2\/types\/post"}],"author":[{"embeddable":true,"href":"https:\/\/armstrongyregion.com.ar\/diario\/wp-json\/wp\/v2\/users\/2"}],"replies":[{"embeddable":true,"href":"https:\/\/armstrongyregion.com.ar\/diario\/wp-json\/wp\/v2\/comments?post=8353"}],"version-history":[{"count":0,"href":"https:\/\/armstrongyregion.com.ar\/diario\/wp-json\/wp\/v2\/posts\/8353\/revisions"}],"wp:featuredmedia":[{"embeddable":true,"href":"https:\/\/armstrongyregion.com.ar\/diario\/wp-json\/wp\/v2\/media\/8354"}],"wp:attachment":[{"href":"https:\/\/armstrongyregion.com.ar\/diario\/wp-json\/wp\/v2\/media?parent=8353"}],"wp:term":[{"taxonomy":"category","embeddable":true,"href":"https:\/\/armstrongyregion.com.ar\/diario\/wp-json\/wp\/v2\/categories?post=8353"},{"taxonomy":"post_tag","embeddable":true,"href":"https:\/\/armstrongyregion.com.ar\/diario\/wp-json\/wp\/v2\/tags?post=8353"}],"curies":[{"name":"wp","href":"https:\/\/api.w.org\/{rel}","templated":true}]}}