{"id":8349,"date":"2016-06-22T23:42:48","date_gmt":"2016-06-22T23:42:48","guid":{"rendered":"https:\/\/armstrongyregion.com.ar\/diario\/?p=8349"},"modified":"2016-06-22T23:42:48","modified_gmt":"2016-06-22T23:42:48","slug":"clerici-se-reunio-con-nuevas-autoridades-de-la-urx-de-policia","status":"publish","type":"post","link":"https:\/\/armstrongyregion.com.ar\/diario\/clerici-se-reunio-con-nuevas-autoridades-de-la-urx-de-policia\/","title":{"rendered":"Cl\u00e9rici se reunio con nuevas autoridades de la URX de polic\u00eda."},"content":{"rendered":"<p><a href=\"http:\/\/armstrongyregion.com.ar\/diario\/wp-content\/uploads\/2016\/06\/clerici-1.jpg\"><img loading=\"lazy\" decoding=\"async\" src=\"http:\/\/armstrongyregion.com.ar\/diario\/wp-content\/uploads\/2016\/06\/clerici-1.jpg\" alt=\"clerici-\" width=\"768\" height=\"509\" class=\"alignnone size-full wp-image-8350\" srcset=\"https:\/\/armstrongyregion.com.ar\/diario\/wp-content\/uploads\/2016\/06\/clerici-1.jpg 768w, https:\/\/armstrongyregion.com.ar\/diario\/wp-content\/uploads\/2016\/06\/clerici-1-300x199.jpg 300w\" sizes=\"auto, (max-width: 768px) 100vw, 768px\" \/><\/a>Junto a parte de su equipo de gobierno y personal de las distintas<br \/>\n\u00e1reas coordinaron trabajos conjuntos y abord\u00f3 la problem\u00e1tica de la<br \/>\ninseguridad a partir de los \u00faltimos hechos.<\/p>\n<p>La intendenta Stella Cl\u00e9rici junto a parte de su equipo de trabajo y<br \/>\npersonal municipal recibi\u00f3 en el despacho a las nuevas autoridades de<br \/>\nla Unidad Regional X de polic\u00eda, para abordar diferentes temas de la<br \/>\nagenda de seguridad.<br \/>\nPor un lado se trat\u00f3 la situaci\u00f3n ante los \u00faltimos robos suscitados en<br \/>\nla ciudad, en tanto se coordinaron trabajos conjuntos con Guardia<br \/>\nUrbana, Tr\u00e1nsito y Protecci\u00f3n Civil. Finalmente se reiter\u00f3 el pedido de<br \/>\ndestacamento en barrio Fonavi y en zona norte, adem\u00e1s de dialogar acerca<br \/>\ndel monitoreo de las c\u00e1maras de seguridad y la implementaci\u00f3n del 911.<br \/>\nLeiva destac\u00f3 \u201cdesde el municipio y el consejo de seguridad siempre<br \/>\ntrabajamos coordinadamente con la polic\u00eda y en este caso, al asumir<br \/>\nnuevas autoridades las pusimos en conocimiento de lo realizado y se<br \/>\ndiagramaron futuras acciones\u201d.<\/p>\n","protected":false},"excerpt":{"rendered":"<p>Junto a parte de su equipo de gobierno y personal de las distintas \u00e1reas coordinaron trabajos conjuntos y abord\u00f3 la problem\u00e1tica de la inseguridad a partir de los \u00faltimos hechos. La intendenta Stella Cl\u00e9rici junto a parte de su equipo de trabajo y personal municipal recibi\u00f3 en el despacho a las nuevas autoridades de la <a href=\"https:\/\/armstrongyregion.com.ar\/diario\/clerici-se-reunio-con-nuevas-autoridades-de-la-urx-de-policia\/\" title=\"Read more\" >&#8230;<\/a><\/p>\n","protected":false},"author":2,"featured_media":8350,"comment_status":"open","ping_status":"open","sticky":false,"template":"","format":"standard","meta":{"_jetpack_memberships_contains_paid_content":false,"footnotes":"","jetpack_publicize_message":"","jetpack_publicize_feature_enabled":true,"jetpack_social_post_already_shared":false,"jetpack_social_options":{"image_generator_settings":{"template":"highway","default_image_id":0,"enabled":false},"version":2}},"categories":[1,2852,7,3],"tags":[857,83,100,19,31,23,350,343,86,4095],"class_list":["post-8349","post","type-post","status-publish","format-standard","has-post-thumbnail","hentry","category-diario-armstrong","category-policiales","category-politica","category-region","tag-autoridades","tag-clerici","tag-con","tag-de","tag-la","tag-las","tag-nuevas","tag-reunio","tag-se","tag-urx"],"jetpack_publicize_connections":[],"jetpack_featured_media_url":"https:\/\/armstrongyregion.com.ar\/diario\/wp-content\/uploads\/2016\/06\/clerici-1.jpg","jetpack_shortlink":"https:\/\/wp.me\/p62QDO-2aF","jetpack_sharing_enabled":true,"amp_enabled":true,"_links":{"self":[{"href":"https:\/\/armstrongyregion.com.ar\/diario\/wp-json\/wp\/v2\/posts\/8349","targetHints":{"allow":["GET"]}}],"collection":[{"href":"https:\/\/armstrongyregion.com.ar\/diario\/wp-json\/wp\/v2\/posts"}],"about":[{"href":"https:\/\/armstrongyregion.com.ar\/diario\/wp-json\/wp\/v2\/types\/post"}],"author":[{"embeddable":true,"href":"https:\/\/armstrongyregion.com.ar\/diario\/wp-json\/wp\/v2\/users\/2"}],"replies":[{"embeddable":true,"href":"https:\/\/armstrongyregion.com.ar\/diario\/wp-json\/wp\/v2\/comments?post=8349"}],"version-history":[{"count":0,"href":"https:\/\/armstrongyregion.com.ar\/diario\/wp-json\/wp\/v2\/posts\/8349\/revisions"}],"wp:featuredmedia":[{"embeddable":true,"href":"https:\/\/armstrongyregion.com.ar\/diario\/wp-json\/wp\/v2\/media\/8350"}],"wp:attachment":[{"href":"https:\/\/armstrongyregion.com.ar\/diario\/wp-json\/wp\/v2\/media?parent=8349"}],"wp:term":[{"taxonomy":"category","embeddable":true,"href":"https:\/\/armstrongyregion.com.ar\/diario\/wp-json\/wp\/v2\/categories?post=8349"},{"taxonomy":"post_tag","embeddable":true,"href":"https:\/\/armstrongyregion.com.ar\/diario\/wp-json\/wp\/v2\/tags?post=8349"}],"curies":[{"name":"wp","href":"https:\/\/api.w.org\/{rel}","templated":true}]}}