{"id":8344,"date":"2016-06-22T23:16:37","date_gmt":"2016-06-22T23:16:37","guid":{"rendered":"https:\/\/armstrongyregion.com.ar\/diario\/?p=8344"},"modified":"2016-06-22T23:16:37","modified_gmt":"2016-06-22T23:16:37","slug":"diego-mansilla-expreso-indignacion-por-el-freno-a-la-expulsion-de-jose-lopez-del-parlasur","status":"publish","type":"post","link":"https:\/\/armstrongyregion.com.ar\/diario\/diego-mansilla-expreso-indignacion-por-el-freno-a-la-expulsion-de-jose-lopez-del-parlasur\/","title":{"rendered":"Diego Mansilla expres\u00f3 \u201cindignaci\u00f3n\u201d por el freno a la expulsi\u00f3n de Jos\u00e9 L\u00f3pez del Parlasur."},"content":{"rendered":"<p><a href=\"http:\/\/armstrongyregion.com.ar\/diario\/wp-content\/uploads\/2016\/06\/sesi\u00f3n-parlasur-0616.jpg\"><img loading=\"lazy\" decoding=\"async\" src=\"http:\/\/armstrongyregion.com.ar\/diario\/wp-content\/uploads\/2016\/06\/sesi\u00f3n-parlasur-0616.jpg\" alt=\"sesi\u00f3n parlasur 0616\" width=\"768\" height=\"432\" class=\"alignnone size-full wp-image-8345\" srcset=\"https:\/\/armstrongyregion.com.ar\/diario\/wp-content\/uploads\/2016\/06\/sesi\u00f3n-parlasur-0616.jpg 768w, https:\/\/armstrongyregion.com.ar\/diario\/wp-content\/uploads\/2016\/06\/sesi\u00f3n-parlasur-0616-300x169.jpg 300w\" sizes=\"auto, (max-width: 768px) 100vw, 768px\" \/><\/a>\u201cEsto muestra la hipocres\u00eda de algunos que hablan de corrupci\u00f3n y terminan protegiendo a los corruptos\u201d<br \/>\nDiego Mansilla expres\u00f3 su \u201cindignaci\u00f3n\u201d por la actitud asumida por legisladores de Cambiemos que impidieron la expulsi\u00f3n de Jos\u00e9 L\u00f3pez del Parlamento del Mercosur. \u201cMariana Zuvic y Fabi\u00e1n Rodr\u00edguez, dos delfines de Mauricio Macri, se abstuvieron y as\u00ed permitieron que no se apruebe el proyecto de expulsi\u00f3n de L\u00f3pez que impulsamos los diputados del Mercosur de nuestro bloque del Frente para la Victoria y tambi\u00e9n representantes del Frente Renovador, el radicalismo y la propia bancada de Cambiemos. Es una actitud que nos provoca indignaci\u00f3n, porque expresa la hipocres\u00eda de algunos que se llenan la boca cuando van a los medios hablando de corrupci\u00f3n, pero cuando hay que actuar contra los corruptos esquivan su responsabilidad y terminan protegi\u00e9ndolos, como en este caso\u201d, sostuvo Mansilla.<\/p>\n<p>\u201cNosotros vamos a seguir trabajando como siempre, repudiando lo que le hace mal a nuestro pueblo y a la pol\u00edtica como herramienta de transformaci\u00f3n, sin dobles discursos, Por eso expresamos nuestro repudio a lo de L\u00f3pez. Por eso ahora denunciamos esta actitud de estos legisladores que frenaron su expulsi\u00f3n del Parlasur\u201d, remarc\u00f3 el diputado del Mercosur santafesino.<\/p>\n","protected":false},"excerpt":{"rendered":"<p>\u201cEsto muestra la hipocres\u00eda de algunos que hablan de corrupci\u00f3n y terminan protegiendo a los corruptos\u201d Diego Mansilla expres\u00f3 su \u201cindignaci\u00f3n\u201d por la actitud asumida por legisladores de Cambiemos que impidieron la expulsi\u00f3n de Jos\u00e9 L\u00f3pez del Parlamento del Mercosur. \u201cMariana Zuvic y Fabi\u00e1n Rodr\u00edguez, dos delfines de Mauricio Macri, se abstuvieron y as\u00ed permitieron <a href=\"https:\/\/armstrongyregion.com.ar\/diario\/diego-mansilla-expreso-indignacion-por-el-freno-a-la-expulsion-de-jose-lopez-del-parlasur\/\" title=\"Read more\" >&#8230;<\/a><\/p>\n","protected":false},"author":2,"featured_media":8345,"comment_status":"open","ping_status":"open","sticky":false,"template":"","format":"standard","meta":{"_jetpack_memberships_contains_paid_content":false,"footnotes":"","jetpack_publicize_message":"","jetpack_publicize_feature_enabled":true,"jetpack_social_post_already_shared":false,"jetpack_social_options":{"image_generator_settings":{"template":"highway","default_image_id":0,"enabled":false},"version":2}},"categories":[1,2,7,3],"tags":[990,300,772,1039,991,60],"class_list":["post-8344","post","type-post","status-publish","format-standard","has-post-thumbnail","hentry","category-diario-armstrong","category-locales","category-politica","category-region","tag-diego","tag-indignacion","tag-jose","tag-lopez","tag-mansilla","tag-por"],"jetpack_publicize_connections":[],"jetpack_featured_media_url":"https:\/\/armstrongyregion.com.ar\/diario\/wp-content\/uploads\/2016\/06\/sesi\u00f3n-parlasur-0616.jpg","jetpack_shortlink":"https:\/\/wp.me\/p62QDO-2aA","jetpack_sharing_enabled":true,"amp_enabled":true,"_links":{"self":[{"href":"https:\/\/armstrongyregion.com.ar\/diario\/wp-json\/wp\/v2\/posts\/8344","targetHints":{"allow":["GET"]}}],"collection":[{"href":"https:\/\/armstrongyregion.com.ar\/diario\/wp-json\/wp\/v2\/posts"}],"about":[{"href":"https:\/\/armstrongyregion.com.ar\/diario\/wp-json\/wp\/v2\/types\/post"}],"author":[{"embeddable":true,"href":"https:\/\/armstrongyregion.com.ar\/diario\/wp-json\/wp\/v2\/users\/2"}],"replies":[{"embeddable":true,"href":"https:\/\/armstrongyregion.com.ar\/diario\/wp-json\/wp\/v2\/comments?post=8344"}],"version-history":[{"count":0,"href":"https:\/\/armstrongyregion.com.ar\/diario\/wp-json\/wp\/v2\/posts\/8344\/revisions"}],"wp:featuredmedia":[{"embeddable":true,"href":"https:\/\/armstrongyregion.com.ar\/diario\/wp-json\/wp\/v2\/media\/8345"}],"wp:attachment":[{"href":"https:\/\/armstrongyregion.com.ar\/diario\/wp-json\/wp\/v2\/media?parent=8344"}],"wp:term":[{"taxonomy":"category","embeddable":true,"href":"https:\/\/armstrongyregion.com.ar\/diario\/wp-json\/wp\/v2\/categories?post=8344"},{"taxonomy":"post_tag","embeddable":true,"href":"https:\/\/armstrongyregion.com.ar\/diario\/wp-json\/wp\/v2\/tags?post=8344"}],"curies":[{"name":"wp","href":"https:\/\/api.w.org\/{rel}","templated":true}]}}